{"id":1050,"date":"2024-07-28T03:09:24","date_gmt":"2024-07-28T03:09:24","guid":{"rendered":"https:\/\/www.seguros-autocaravanas.es\/blog\/?p=1050"},"modified":"2024-07-28T03:10:05","modified_gmt":"2024-07-28T03:10:05","slug":"mirador-vall-de-boi","status":"publish","type":"post","link":"https:\/\/www.seguros-autocaravanas.es\/blog\/mirador-vall-de-boi\/07\/2024\/","title":{"rendered":"Accidente mirador Vall de Bo\u00ed deja un muerto y 3 heridos"},"content":{"rendered":"<p><span style=\"font-weight: 400;\">Una tragedia ha ocurrido en Vall de Bo\u00ed este jueves, <\/span><b>una persona falleci\u00f3 y otras tres resultaron heridas<\/b><span style=\"font-weight: 400;\"> tras un derrumbe en un mirador en construcci\u00f3n. La ca\u00edda fue de al menos 50 metros, provocando lesiones mortales en una de las v\u00edctimas.<\/span><\/p>\n<p><span style=\"font-weight: 400;\">La informaci\u00f3n se dio a conocer por efectivos de seguridad e incluso por el alcalde de la comunidad. Aunque hasta el momento no se han dado a conocer mayores detalles sobre las v\u00edctimas.<\/span><\/p>\n<p><span style=\"font-weight: 400;\">Se sabe que los hechos ocurrieron en horas de la tarde, y espec\u00edficamente en la monta\u00f1a <\/span><b>conocida como La Roca d&#8217;Esp\u00e1<\/b><span style=\"font-weight: 400;\">. Un lugar de gran inter\u00e9s tur\u00edstico en los Pirineos de Lleida, donde hay varias rutas de autocaravanas disponibles.\u00a0<\/span><\/p>\n<table>\n<tbody>\n<tr>\n<td><b>Descubre:<\/b> <a title=\"Cu\u00e1ndo es la Finalissima 2024\" href=\"https:\/\/www.seguros-autocaravanas.es\/blog\/cuando-es-la-finalissima-2024\/07\/2024\/\" target=\"_blank\" rel=\"noopener\"><b>\u00bfCu\u00e1ndo es la Finalissima 2024? DETALLES IN\u00c9DITOS<\/b><\/a><\/td>\n<\/tr>\n<\/tbody>\n<\/table>\n<h2><\/h2>\n<div id=\"ez-toc-container\" class=\"ez-toc-v2_0_82_2 counter-hierarchy ez-toc-counter ez-toc-grey ez-toc-container-direction\">\n<div class=\"ez-toc-title-container\">\n<p class=\"ez-toc-title\" style=\"cursor:inherit\">Table of Contents<\/p>\n<span class=\"ez-toc-title-toggle\"><a href=\"#\" class=\"ez-toc-pull-right ez-toc-btn ez-toc-btn-xs ez-toc-btn-default ez-toc-toggle\" aria-label=\"Alternar tabla de contenidos\"><span class=\"ez-toc-js-icon-con\"><span class=\"\"><span class=\"eztoc-hide\" style=\"display:none;\">Toggle<\/span><span class=\"ez-toc-icon-toggle-span\"><svg style=\"fill: #999;color:#999\" xmlns=\"http:\/\/www.w3.org\/2000\/svg\" class=\"list-377408\" width=\"20px\" height=\"20px\" viewBox=\"0 0 24 24\" fill=\"none\"><path d=\"M6 6H4v2h2V6zm14 0H8v2h12V6zM4 11h2v2H4v-2zm16 0H8v2h12v-2zM4 16h2v2H4v-2zm16 0H8v2h12v-2z\" fill=\"currentColor\"><\/path><\/svg><svg style=\"fill: #999;color:#999\" class=\"arrow-unsorted-368013\" xmlns=\"http:\/\/www.w3.org\/2000\/svg\" width=\"10px\" height=\"10px\" viewBox=\"0 0 24 24\" version=\"1.2\" baseProfile=\"tiny\"><path d=\"M18.2 9.3l-6.2-6.3-6.2 6.3c-.2.2-.3.4-.3.7s.1.5.3.7c.2.2.4.3.7.3h11c.3 0 .5-.1.7-.3.2-.2.3-.5.3-.7s-.1-.5-.3-.7zM5.8 14.7l6.2 6.3 6.2-6.3c.2-.2.3-.5.3-.7s-.1-.5-.3-.7c-.2-.2-.4-.3-.7-.3h-11c-.3 0-.5.1-.7.3-.2.2-.3.5-.3.7s.1.5.3.7z\"\/><\/svg><\/span><\/span><\/span><\/a><\/span><\/div>\n<nav><ul class='ez-toc-list ez-toc-list-level-1 ' ><li class='ez-toc-page-1 ez-toc-heading-level-2'><a class=\"ez-toc-link ez-toc-heading-1\" href=\"https:\/\/www.seguros-autocaravanas.es\/blog\/mirador-vall-de-boi\/07\/2024\/#%C2%BFQue_paso_en_Vall_de_Boi\" >\u00bfQu\u00e9 pas\u00f3 en Vall de Bo\u00ed?<\/a><\/li><li class='ez-toc-page-1 ez-toc-heading-level-2'><a class=\"ez-toc-link ez-toc-heading-2\" href=\"https:\/\/www.seguros-autocaravanas.es\/blog\/mirador-vall-de-boi\/07\/2024\/#Alcalde_se_pronuncia_por_accidente_en_Vall_de_Boi\" >Alcalde se pronuncia por accidente en Vall de Bo\u00ed<\/a><\/li><li class='ez-toc-page-1 ez-toc-heading-level-2'><a class=\"ez-toc-link ez-toc-heading-3\" href=\"https:\/\/www.seguros-autocaravanas.es\/blog\/mirador-vall-de-boi\/07\/2024\/#%C2%BFDonde_queda_Valle_de_Boi\" >\u00bfD\u00f3nde queda Valle de Bo\u00ed?<\/a><ul class='ez-toc-list-level-3' ><li class='ez-toc-heading-level-3'><a class=\"ez-toc-link ez-toc-heading-4\" href=\"https:\/\/www.seguros-autocaravanas.es\/blog\/mirador-vall-de-boi\/07\/2024\/#%C2%BFQue_hacer_en_el_Vall_de_Boi\" >\u00bfQu\u00e9 hacer en el Vall de Bo\u00ed?<\/a><\/li><\/ul><\/li><\/ul><\/nav><\/div>\n<h2><span class=\"ez-toc-section\" id=\"%C2%BFQue_paso_en_Vall_de_Boi\"><\/span><span style=\"color: #ff6600;\"><b>\u00bfQu\u00e9 pas\u00f3 en Vall de Bo\u00ed?<\/b><\/span><span class=\"ez-toc-section-end\"><\/span><\/h2>\n<p><b>Vall de Bo\u00ed ubicado en Alta Ribagor\u00e7a<\/b><span style=\"font-weight: 400;\"> es un lugar donde constantemente asisten locales y turistas para hacer senderismo y admirar las vistas panor\u00e1micas del lugar. Se est\u00e1 llevando a cabo la construcci\u00f3n de un nuevo mirador, que es justo donde ocurri\u00f3 este fat\u00eddico accidente.\u00a0<\/span><\/p>\n<p><span style=\"font-weight: 400;\">Todo ocurri\u00f3 alrededor de las 17:30 horas, en la zona de Roca d&#8217;Esp\u00e0, cuando la plancha donde trabajaban unos constructores cedi\u00f3 y cay\u00f3 al vac\u00edo. <\/span><b>El derrumbe ocasion\u00f3 el fallecimiento de uno de los trabajadores.\u00a0<\/b><\/p>\n<p><span style=\"font-weight: 400;\">Otra de las v\u00edctimas se encuentra con heridas de gravedad, otro con heridas moderadas y la tercera v\u00edctima con heridas leves. El ascenso de 50 metros produjo heridas complicadas que a\u00fan se est\u00e1n tratando por especialistas en centros m\u00e9dicos.\u00a0<\/span><\/p>\n<p><span style=\"font-weight: 400;\">Esto <\/span><b>ha sido clasificado como un accidente laboral<\/b><span style=\"font-weight: 400;\">, uno sumamente lamentable. Adem\u00e1s, se dio a conocer que las labores para el rescate del cuerpo de la persona fallecida fueron complejos por la ubicaci\u00f3n donde cay\u00f3.\u00a0<\/span><\/p>\n<p>&nbsp;<\/p>\n<h2><span class=\"ez-toc-section\" id=\"Alcalde_se_pronuncia_por_accidente_en_Vall_de_Boi\"><\/span><span style=\"color: #ff6600;\"><b>Alcalde se pronuncia por accidente en Vall de Bo\u00ed<\/b><\/span><span class=\"ez-toc-section-end\"><\/span><\/h2>\n<p><span style=\"font-weight: 400;\">El alcalde anunci\u00f3 que<\/span><b><i> \u00abha cedido uno de los postes de la estructura en la que trabajaban los operarios\u00bb<\/i><\/b><span style=\"font-weight: 400;\">, a su vez esto pudo provocar que girara una pasarela suspendida donde se encontraba el operario que falleci\u00f3.\u00a0<\/span><\/p>\n<p><span style=\"font-weight: 400;\">Por supuesto, el alcalde aprovech\u00f3 la oportunidad para compartir sus condolencias ante tan fat\u00eddico hecho.<\/span><\/p>\n<p>&nbsp;<\/p>\n<h2><span class=\"ez-toc-section\" id=\"%C2%BFDonde_queda_Valle_de_Boi\"><\/span><span style=\"color: #ff6600;\"><b>\u00bfD\u00f3nde queda Valle de Bo\u00ed?<\/b><\/span><span class=\"ez-toc-section-end\"><\/span><\/h2>\n<p><span style=\"font-weight: 400;\">El Valle de Bo\u00ed queda situado en la provincia de Lleida, en la regi\u00f3n de Catalu\u00f1a. Gracias a su riqueza natural que est\u00e1 repleta de hermosos paisajes es una zona sumamente visitada por turistas.<\/span><\/p>\n<p><span style=\"font-weight: 400;\">De hecho, se est\u00e1 construyendo un nuevo mirador ya que es una zona donde se realiza mucho senderismo. Tambi\u00e9n hay rutas para autocaravanas en el Valle de Bo\u00ed, lo que representa una fascinante forma de viajar.\u00a0<\/span><\/p>\n<table>\n<tbody>\n<tr>\n<td><b>Usa el <\/b><a href=\"https:\/\/www.seguros-generales.es\/seguros-autocaravanas.html\" target=\"_blank\" rel=\"noopener\"><b>comparador de seguros de autocaravanas<\/b><\/a><b> y consigue una p\u00f3liza 100% acorde a tus expectativas.\u00a0<\/b><\/td>\n<\/tr>\n<\/tbody>\n<\/table>\n<h3><\/h3>\n<h3><span class=\"ez-toc-section\" id=\"%C2%BFQue_hacer_en_el_Vall_de_Boi\"><\/span><span style=\"color: #ff6600;\"><b>\u00bfQu\u00e9 hacer en el Vall de Bo\u00ed?<\/b><\/span><span class=\"ez-toc-section-end\"><\/span><\/h3>\n<p><span style=\"font-weight: 400;\">El Valle de Bo\u00ed se encuentra en el coraz\u00f3n de los Pirineos, en el noreste de Espa\u00f1a. Forma parte del <\/span><b>Parque Nacional de Aig\u00fcestortes y Estany de Sant Maurici<\/b><span style=\"font-weight: 400;\">, lo que le confiere un entorno natural incomparable.<\/span><\/p>\n<p><span style=\"font-weight: 400;\">Uno de los mayores atractivos del Valle de Bo\u00ed es su conjunto de iglesias rom\u00e1nicas, declaradas Patrimonio de la Humanidad por la UNESCO en 2000. Estas iglesias, construidas entre los siglos XI y XII, destacan por su arquitectura \u00fanica.<\/span><\/p>\n<table>\n<tbody>\n<tr>\n<td><b>Descubre: <\/b><a href=\"https:\/\/www.perro-seguro.es\/blog\/playas-para-perros-en-alicante\/06\/2024\/\" target=\"_blank\" rel=\"noopener\"><b>Playas para perros en Alicante: 4 Opciones para el verano<\/b><\/a><\/td>\n<\/tr>\n<\/tbody>\n<\/table>\n<p><span style=\"font-weight: 400;\">Para los aventureros y amantes de la naturaleza, el Valle de Bo\u00ed ofrece una amplia gama de actividades al aire libre. Desde rutas de senderismo que serpentean a trav\u00e9s de bosques frondosos hasta la posibilidad de practicar deportes acu\u00e1ticos en los lagos de monta\u00f1a.<\/span><\/p>\n","protected":false},"excerpt":{"rendered":"<p>Una tragedia ha ocurrido en Vall de Bo\u00ed este jueves, una persona falleci\u00f3 y otras tres resultaron heridas tras un derrumbe en un mirador en construcci\u00f3n. La ca\u00edda fue de al menos 50 metros, provocando lesiones mortales en una de las v\u00edctimas. La informaci\u00f3n se dio a conocer por efectivos de seguridad e incluso por [&hellip;]<\/p>\n","protected":false},"author":4,"featured_media":1051,"comment_status":"open","ping_status":"open","sticky":false,"template":"","format":"standard","meta":{"_et_pb_use_builder":"","_et_pb_old_content":"","_et_gb_content_width":"","footnotes":""},"categories":[208],"tags":[821,819,816,817,818,820],"class_list":["post-1050","post","type-post","status-publish","format-standard","has-post-thumbnail","hentry","category-noticias","tag-donde-queda-vall-de-boi","tag-que-paso-en-vall-de-boi","tag-vall-de-boi","tag-vall-de-boi-accidente","tag-vall-de-boi-noticia","tag-vall-de-boi-que-hacer"],"_links":{"self":[{"href":"https:\/\/www.seguros-autocaravanas.es\/blog\/wp-json\/wp\/v2\/posts\/1050","targetHints":{"allow":["GET"]}}],"collection":[{"href":"https:\/\/www.seguros-autocaravanas.es\/blog\/wp-json\/wp\/v2\/posts"}],"about":[{"href":"https:\/\/www.seguros-autocaravanas.es\/blog\/wp-json\/wp\/v2\/types\/post"}],"author":[{"embeddable":true,"href":"https:\/\/www.seguros-autocaravanas.es\/blog\/wp-json\/wp\/v2\/users\/4"}],"replies":[{"embeddable":true,"href":"https:\/\/www.seguros-autocaravanas.es\/blog\/wp-json\/wp\/v2\/comments?post=1050"}],"version-history":[{"count":2,"href":"https:\/\/www.seguros-autocaravanas.es\/blog\/wp-json\/wp\/v2\/posts\/1050\/revisions"}],"predecessor-version":[{"id":1053,"href":"https:\/\/www.seguros-autocaravanas.es\/blog\/wp-json\/wp\/v2\/posts\/1050\/revisions\/1053"}],"wp:featuredmedia":[{"embeddable":true,"href":"https:\/\/www.seguros-autocaravanas.es\/blog\/wp-json\/wp\/v2\/media\/1051"}],"wp:attachment":[{"href":"https:\/\/www.seguros-autocaravanas.es\/blog\/wp-json\/wp\/v2\/media?parent=1050"}],"wp:term":[{"taxonomy":"category","embeddable":true,"href":"https:\/\/www.seguros-autocaravanas.es\/blog\/wp-json\/wp\/v2\/categories?post=1050"},{"taxonomy":"post_tag","embeddable":true,"href":"https:\/\/www.seguros-autocaravanas.es\/blog\/wp-json\/wp\/v2\/tags?post=1050"}],"curies":[{"name":"wp","href":"https:\/\/api.w.org\/{rel}","templated":true}]}}