{"id":1127,"date":"2025-02-15T22:20:15","date_gmt":"2025-02-15T22:20:15","guid":{"rendered":"https:\/\/www.seguros-autocaravanas.es\/blog\/?p=1127"},"modified":"2025-02-15T22:20:15","modified_gmt":"2025-02-15T22:20:15","slug":"stella-vita-autocaravana","status":"publish","type":"post","link":"https:\/\/www.seguros-autocaravanas.es\/blog\/stella-vita-autocaravana\/02\/2025\/","title":{"rendered":"Stella Vita: La primera autocaravana de energ\u00eda solar"},"content":{"rendered":"<p><span style=\"font-weight: 400;\">El futuro de la movilidad sostenible ha dado un paso adelante con la llegada de Stella Vita, <\/span><b>la primera autocaravana de energ\u00eda solar <\/b><span style=\"font-weight: 400;\">completamente autosuficiente. Gracias a su sistema de paneles solares, representa una revoluci\u00f3n en la manera en que concebimos los viajes por carretera.<\/span><\/p>\n<p><span style=\"font-weight: 400;\">Este innovador veh\u00edculo combina tecnolog\u00eda de vanguardia con un dise\u00f1o eficiente, permitiendo <\/span><b>recorrer largas distancias sin depender de combustibles f\u00f3siles<\/b><span style=\"font-weight: 400;\"> ni estaciones de carga.\u00a0<\/span><\/p>\n<p><a href=\"https:\/\/www.seguros-generales.es\/seguros-autocaravanas.html\" target=\"_blank\" rel=\"noopener\"><img loading=\"lazy\" decoding=\"async\" class=\"aligncenter wp-image-1056 size-full\" title=\"Comparador de seguros de autocaravanas\" src=\"https:\/\/www.seguros-autocaravanas.es\/blog\/wp-content\/uploads\/2024\/08\/AUTOCARAVANA.png\" alt=\"Comparador de seguros de autocaravanas\" width=\"600\" height=\"200\" srcset=\"https:\/\/www.seguros-autocaravanas.es\/blog\/wp-content\/uploads\/2024\/08\/AUTOCARAVANA.png 600w, https:\/\/www.seguros-autocaravanas.es\/blog\/wp-content\/uploads\/2024\/08\/AUTOCARAVANA-480x160.png 480w\" sizes=\"(min-width: 0px) and (max-width: 480px) 480px, (min-width: 481px) 600px, 100vw\" \/><\/a><\/p>\n<p><span style=\"font-weight: 400;\">Stella Vita es una propuesta desarrollada por Solar Team Eindhoven, un equipo de estudiantes de la <\/span><b>Universidad Tecnol\u00f3gica de Eindhoven<\/b><span style=\"font-weight: 400;\">. Su objetivo es demostrar que la movilidad solar es una alternativa viable y eficiente.\u00a0<\/span><\/p>\n<p><span style=\"font-weight: 400;\">Con una autonom\u00eda impresionante y un dise\u00f1o aerodin\u00e1mico optimizado, esta autocaravana promete cambiar la forma en que viajamos, ofreciendo comodidad sin dejar de ser respetuosa con el medio ambiente.<\/span><\/p>\n<table>\n<tbody>\n<tr>\n<td><b>Descubre: <\/b><a title=\"autocaravana Dacia\" href=\"https:\/\/www.seguros-autocaravanas.es\/blog\/autocaravana-dacia\/02\/2025\/\" target=\"_blank\" rel=\"noopener\"><b>\u00a1As\u00ed es la autocaravana Dacia! Renovando el mundo camper<\/b><\/a><\/td>\n<\/tr>\n<\/tbody>\n<\/table>\n<div id=\"ez-toc-container\" class=\"ez-toc-v2_0_82_2 counter-hierarchy ez-toc-counter ez-toc-grey ez-toc-container-direction\">\n<div class=\"ez-toc-title-container\">\n<p class=\"ez-toc-title\" style=\"cursor:inherit\">Table of Contents<\/p>\n<span class=\"ez-toc-title-toggle\"><a href=\"#\" class=\"ez-toc-pull-right ez-toc-btn ez-toc-btn-xs ez-toc-btn-default ez-toc-toggle\" aria-label=\"Alternar tabla de contenidos\"><span class=\"ez-toc-js-icon-con\"><span class=\"\"><span class=\"eztoc-hide\" style=\"display:none;\">Toggle<\/span><span class=\"ez-toc-icon-toggle-span\"><svg style=\"fill: #999;color:#999\" xmlns=\"http:\/\/www.w3.org\/2000\/svg\" class=\"list-377408\" width=\"20px\" height=\"20px\" viewBox=\"0 0 24 24\" fill=\"none\"><path d=\"M6 6H4v2h2V6zm14 0H8v2h12V6zM4 11h2v2H4v-2zm16 0H8v2h12v-2zM4 16h2v2H4v-2zm16 0H8v2h12v-2z\" fill=\"currentColor\"><\/path><\/svg><svg style=\"fill: #999;color:#999\" class=\"arrow-unsorted-368013\" xmlns=\"http:\/\/www.w3.org\/2000\/svg\" width=\"10px\" height=\"10px\" viewBox=\"0 0 24 24\" version=\"1.2\" baseProfile=\"tiny\"><path d=\"M18.2 9.3l-6.2-6.3-6.2 6.3c-.2.2-.3.4-.3.7s.1.5.3.7c.2.2.4.3.7.3h11c.3 0 .5-.1.7-.3.2-.2.3-.5.3-.7s-.1-.5-.3-.7zM5.8 14.7l6.2 6.3 6.2-6.3c.2-.2.3-.5.3-.7s-.1-.5-.3-.7c-.2-.2-.4-.3-.7-.3h-11c-.3 0-.5.1-.7.3-.2.2-.3.5-.3.7s.1.5.3.7z\"\/><\/svg><\/span><\/span><\/span><\/a><\/span><\/div>\n<nav><ul class='ez-toc-list ez-toc-list-level-1 ' ><li class='ez-toc-page-1 ez-toc-heading-level-2'><a class=\"ez-toc-link ez-toc-heading-1\" href=\"https:\/\/www.seguros-autocaravanas.es\/blog\/stella-vita-autocaravana\/02\/2025\/#%C2%BFCuales_son_las_caracteristicas_de_la_autocaravana_Stella_Vita\" >\u00bfCu\u00e1les son las caracter\u00edsticas de la autocaravana Stella Vita?<\/a><ul class='ez-toc-list-level-3' ><li class='ez-toc-heading-level-3'><a class=\"ez-toc-link ez-toc-heading-2\" href=\"https:\/\/www.seguros-autocaravanas.es\/blog\/stella-vita-autocaravana\/02\/2025\/#Autonomia_y_eficiencia_en_la_carretera\" >Autonom\u00eda y eficiencia en la carretera<\/a><\/li><\/ul><\/li><li class='ez-toc-page-1 ez-toc-heading-level-2'><a class=\"ez-toc-link ez-toc-heading-3\" href=\"https:\/\/www.seguros-autocaravanas.es\/blog\/stella-vita-autocaravana\/02\/2025\/#%C2%BFComo_elegir_la_mejor_autocaravana\" >\u00bfC\u00f3mo elegir la mejor autocaravana?<\/a><\/li><\/ul><\/nav><\/div>\n<h2><span class=\"ez-toc-section\" id=\"%C2%BFCuales_son_las_caracteristicas_de_la_autocaravana_Stella_Vita\"><\/span><span style=\"color: #ff6600;\"><b>\u00bfCu\u00e1les son las caracter\u00edsticas de la autocaravana Stella Vita?<\/b><\/span><span class=\"ez-toc-section-end\"><\/span><\/h2>\n<p><span style=\"font-weight: 400;\">Uno de los aspectos m\u00e1s destacados de Stella Vita es su capacidad de ser completamente autosuficiente gracias a su sistema de energ\u00eda solar. El techo del veh\u00edculo cuenta con 8,8 metros cuadrados de paneles solares.<\/span><\/p>\n<p><b>Los paneles se expanden hasta 17,5 metros cuadrados<\/b><span style=\"font-weight: 400;\"> cuando est\u00e1 estacionado, maximizando as\u00ed la captaci\u00f3n de energ\u00eda. Este sistema permite alimentar el motor, los electrodom\u00e9sticos y otros elementos esenciales dentro de la autocaravana.<\/span><\/p>\n<p><span style=\"font-weight: 400;\">En t\u00e9rminos de habitabilidad, Stella Vita est\u00e1 dise\u00f1ada para brindar comodidad a sus ocupantes. <\/span><b>El veh\u00edculo cuenta con una cama doble, cocina equipada, frigor\u00edfico, ducha<\/b><span style=\"font-weight: 400;\">, enchufes para dispositivos electr\u00f3nicos y una zona de descanso con sof\u00e1.\u00a0<\/span><\/p>\n<p><span style=\"font-weight: 400;\">Adem\u00e1s, su techo elevable permite que los pasajeros puedan estar de pie en el interior, ofreciendo un espacio m\u00e1s amplio y funcional.<\/span><\/p>\n<table>\n<tbody>\n<tr>\n<td><b>Descubre: <\/b><a href=\"https:\/\/www.seguros-autocaravanas.es\/blog\/parking-para-autocaravanas-en-espana-gratis\/12\/2024\/\"><b>4 Parking para autocaravanas en Espa\u00f1a gratis<\/b><\/a><\/td>\n<\/tr>\n<\/tbody>\n<\/table>\n<p><span style=\"font-weight: 400;\">Otro elemento innovador es su panel de control digital tipo tablet, desde el cual se pueden gestionar todas las funciones de la autocaravana, desde el nivel de carga de la bater\u00eda hasta el consumo de energ\u00eda.\u00a0<\/span><\/p>\n<p><span style=\"font-weight: 400;\">Adem\u00e1s, <\/span><b>incorpora retrovisores digitales que ofrecen una visi\u00f3n clara<\/b><span style=\"font-weight: 400;\"> del entorno a trav\u00e9s de c\u00e1maras de alta definici\u00f3n, mejorando la seguridad en la conducci\u00f3n.<\/span><\/p>\n<h3><span class=\"ez-toc-section\" id=\"Autonomia_y_eficiencia_en_la_carretera\"><\/span><span style=\"color: #ff6600;\"><b>Autonom\u00eda y eficiencia en la carretera<\/b><\/span><span class=\"ez-toc-section-end\"><\/span><\/h3>\n<p><span style=\"font-weight: 400;\">Stella Vita ha sido dise\u00f1ada para optimizar la eficiencia energ\u00e9tica sin comprometer el rendimiento. Gracias a su bater\u00eda de 60 kWh, puede recorrer hasta 600 kil\u00f3metros durante la noche con una sola carga.\u00a0<\/span><\/p>\n<p><span style=\"font-weight: 400;\">Sin embargo, en d\u00edas soleados, la energ\u00eda solar adicional <\/span><b>permite alcanzar una autonom\u00eda de hasta 730 kil\u00f3metros. <\/b><span style=\"font-weight: 400;\">Esto la convierte en una opci\u00f3n ideal para viajes largos sin preocuparse por encontrar estaciones de carga.<\/span><\/p>\n<p><span style=\"font-weight: 400;\">El dise\u00f1o aerodin\u00e1mico con forma de l\u00e1grima contribuye a reducir la resistencia al viento, aumentando la eficiencia energ\u00e9tica. Adem\u00e1s, el uso de<\/span><b> materiales ligeros como fibra de carbono y aluminio<\/b><span style=\"font-weight: 400;\"> favorece un menor consumo de energ\u00eda, maximizando el rendimiento del veh\u00edculo.<\/span><\/p>\n<table>\n<tbody>\n<tr>\n<td>\n<p style=\"text-align: center;\"><b>\u00a1SELECCIONA EL MEJOR SEGURO PARA TU RESPALDO Y TRANQUILIDAD! USA EL <\/b><a title=\"COMPARADOR DE SEGUROS DE AUTOCARAVANAS\" href=\"https:\/\/www.seguros-generales.es\/seguros-autocaravanas.html\" target=\"_blank\" rel=\"noopener\"><b>COMPARADOR DE SEGUROS DE AUTOCARAVANAS<\/b><\/a><b> GRATIS Y APROVECHA LAS OFERTAS.\u00a0<\/b><\/p>\n<\/td>\n<\/tr>\n<\/tbody>\n<\/table>\n<h2><span class=\"ez-toc-section\" id=\"%C2%BFComo_elegir_la_mejor_autocaravana\"><\/span><span style=\"color: #ff6600;\"><b>\u00bfC\u00f3mo elegir la mejor autocaravana?<\/b><\/span><span class=\"ez-toc-section-end\"><\/span><\/h2>\n<p><span style=\"font-weight: 400;\">Si est\u00e1s pensando en adquirir una autocaravana, es importante considerar diversos factores para encontrar el modelo que mejor se adapte a tus necesidades. Algunos aspectos clave incluyen:<\/span><\/p>\n<ol>\n<li style=\"font-weight: 400;\" aria-level=\"1\"><b>Autonom\u00eda y eficiencia energ\u00e9tica<\/b><span style=\"font-weight: 400;\">: Eval\u00faa si prefieres una autocaravana con sistema de energ\u00eda solar o un modelo tradicional con motor de combusti\u00f3n.<\/span><\/li>\n<li style=\"font-weight: 400;\" aria-level=\"1\"><b>Espacio y comodidad<\/b><span style=\"font-weight: 400;\">: Dependiendo del n\u00famero de pasajeros y el tipo de viajes que planeas realizar, necesitar\u00e1s m\u00e1s o menos espacio en el interior.<\/span><\/li>\n<li style=\"font-weight: 400;\" aria-level=\"1\"><b>Tecnolog\u00eda y funcionalidades<\/b><span style=\"font-weight: 400;\">: Las autocaravanas modernas ofrecen paneles de control digital, sistemas de navegaci\u00f3n avanzados y opciones de conectividad.<\/span><\/li>\n<li style=\"font-weight: 400;\" aria-level=\"1\"><b>Sostenibilidad y consumo<\/b><span style=\"font-weight: 400;\">: Si buscas una opci\u00f3n ecol\u00f3gica, modelos como Stella Vita pueden ser la mejor alternativa para reducir tu huella de carbono.<\/span><\/li>\n<\/ol>\n<p>&nbsp;<\/p>\n","protected":false},"excerpt":{"rendered":"<p>El futuro de la movilidad sostenible ha dado un paso adelante con la llegada de Stella Vita, la primera autocaravana de energ\u00eda solar completamente autosuficiente. Gracias a su sistema de paneles solares, representa una revoluci\u00f3n en la manera en que concebimos los viajes por carretera. Este innovador veh\u00edculo combina tecnolog\u00eda de vanguardia con un dise\u00f1o [&hellip;]<\/p>\n","protected":false},"author":4,"featured_media":1128,"comment_status":"open","ping_status":"open","sticky":false,"template":"","format":"standard","meta":{"_et_pb_use_builder":"","_et_pb_old_content":"","_et_gb_content_width":"","footnotes":""},"categories":[208],"tags":[879,881,883,882,880],"class_list":["post-1127","post","type-post","status-publish","format-standard","has-post-thumbnail","hentry","category-noticias","tag-stella-vita","tag-stella-vita-caracteristica","tag-stella-vita-electrica","tag-stella-vita-espana","tag-stella-vita-precio"],"_links":{"self":[{"href":"https:\/\/www.seguros-autocaravanas.es\/blog\/wp-json\/wp\/v2\/posts\/1127","targetHints":{"allow":["GET"]}}],"collection":[{"href":"https:\/\/www.seguros-autocaravanas.es\/blog\/wp-json\/wp\/v2\/posts"}],"about":[{"href":"https:\/\/www.seguros-autocaravanas.es\/blog\/wp-json\/wp\/v2\/types\/post"}],"author":[{"embeddable":true,"href":"https:\/\/www.seguros-autocaravanas.es\/blog\/wp-json\/wp\/v2\/users\/4"}],"replies":[{"embeddable":true,"href":"https:\/\/www.seguros-autocaravanas.es\/blog\/wp-json\/wp\/v2\/comments?post=1127"}],"version-history":[{"count":1,"href":"https:\/\/www.seguros-autocaravanas.es\/blog\/wp-json\/wp\/v2\/posts\/1127\/revisions"}],"predecessor-version":[{"id":1129,"href":"https:\/\/www.seguros-autocaravanas.es\/blog\/wp-json\/wp\/v2\/posts\/1127\/revisions\/1129"}],"wp:featuredmedia":[{"embeddable":true,"href":"https:\/\/www.seguros-autocaravanas.es\/blog\/wp-json\/wp\/v2\/media\/1128"}],"wp:attachment":[{"href":"https:\/\/www.seguros-autocaravanas.es\/blog\/wp-json\/wp\/v2\/media?parent=1127"}],"wp:term":[{"taxonomy":"category","embeddable":true,"href":"https:\/\/www.seguros-autocaravanas.es\/blog\/wp-json\/wp\/v2\/categories?post=1127"},{"taxonomy":"post_tag","embeddable":true,"href":"https:\/\/www.seguros-autocaravanas.es\/blog\/wp-json\/wp\/v2\/tags?post=1127"}],"curies":[{"name":"wp","href":"https:\/\/api.w.org\/{rel}","templated":true}]}}