{"id":1179,"date":"2025-08-12T04:02:56","date_gmt":"2025-08-12T04:02:56","guid":{"rendered":"https:\/\/www.seguros-autocaravanas.es\/blog\/?p=1179"},"modified":"2025-08-12T04:03:35","modified_gmt":"2025-08-12T04:03:35","slug":"incendio-en-camping","status":"publish","type":"post","link":"https:\/\/www.seguros-autocaravanas.es\/blog\/incendio-en-camping\/08\/2025\/","title":{"rendered":"Incendio en Camping Vendrell | Anuncian desalojo por siniestro"},"content":{"rendered":"<p><span style=\"font-weight: 400;\">Incendio en Camping Vendrell es el titular que ha despertado la atenci\u00f3n nacional tras una madrugada de tensi\u00f3n en Tarragona. <\/span><b>M\u00e1s de 1.700 personas fueron evacuadas de manera preventiva <\/b><span style=\"font-weight: 400;\">despu\u00e9s de que las llamas se propagaran r\u00e1pidamente en dos zonas distintas del recinto.\u00a0<\/span><\/p>\n<p><span style=\"font-weight: 400;\">El suceso, ocurrido cuando el camping se encontraba pr\u00e1cticamente lleno, <\/span><b>oblig\u00f3 a una intervenci\u00f3n de emergencia<\/b><span style=\"font-weight: 400;\"> que moviliz\u00f3 a bomberos, sanitarios y personal de seguridad.<\/span><\/p>\n<p><a href=\"https:\/\/www.seguros-generales.es\/seguros-viaje.html\" target=\"_blank\" rel=\"noopener\"><img loading=\"lazy\" decoding=\"async\" class=\"aligncenter wp-image-1056 size-full\" title=\"Comparador de seguros de autocaravanas\" src=\"https:\/\/www.seguros-autocaravanas.es\/blog\/wp-content\/uploads\/2024\/08\/AUTOCARAVANA.png\" alt=\"Comparador de seguros de autocaravanas\" width=\"600\" height=\"200\" srcset=\"https:\/\/www.seguros-autocaravanas.es\/blog\/wp-content\/uploads\/2024\/08\/AUTOCARAVANA.png 600w, https:\/\/www.seguros-autocaravanas.es\/blog\/wp-content\/uploads\/2024\/08\/AUTOCARAVANA-480x160.png 480w\" sizes=\"(min-width: 0px) and (max-width: 480px) 480px, (min-width: 481px) 600px, 100vw\" \/><\/a><\/p>\n<p><span style=\"font-weight: 400;\">La magnitud del operativo y la r\u00e1pida respuesta de los servicios de emergencia permitieron que no se registraran v\u00edctimas mortales. Sin embargo,<\/span><b> el balance deja una quincena de caravanas <\/b><span style=\"font-weight: 400;\">y varios veh\u00edculos completamente calcinados, adem\u00e1s de la p\u00e9rdida de un perro y la afectaci\u00f3n emocional de decenas de campistas que han visto destruido su lugar de descanso.<\/span><\/p>\n<table>\n<tbody>\n<tr>\n<td><b>Descubre: <\/b><a href=\"https:\/\/www.seguros-autocaravanas.es\/blog\/europa-press-reconoce-la-fortaleza-digital-de-grupo-seguros-generales-y-la-innovacion-de-rastreador-seguros-com\/08\/2025\/\"><b>Europa Press reconoce la fortaleza digital de Grupo Seguros Generales<\/b><\/a><\/td>\n<\/tr>\n<\/tbody>\n<\/table>\n<div id=\"ez-toc-container\" class=\"ez-toc-v2_0_82_2 counter-hierarchy ez-toc-counter ez-toc-grey ez-toc-container-direction\">\n<div class=\"ez-toc-title-container\">\n<p class=\"ez-toc-title\" style=\"cursor:inherit\">Table of Contents<\/p>\n<span class=\"ez-toc-title-toggle\"><a href=\"#\" class=\"ez-toc-pull-right ez-toc-btn ez-toc-btn-xs ez-toc-btn-default ez-toc-toggle\" aria-label=\"Alternar tabla de contenidos\"><span class=\"ez-toc-js-icon-con\"><span class=\"\"><span class=\"eztoc-hide\" style=\"display:none;\">Toggle<\/span><span class=\"ez-toc-icon-toggle-span\"><svg style=\"fill: #999;color:#999\" xmlns=\"http:\/\/www.w3.org\/2000\/svg\" class=\"list-377408\" width=\"20px\" height=\"20px\" viewBox=\"0 0 24 24\" fill=\"none\"><path d=\"M6 6H4v2h2V6zm14 0H8v2h12V6zM4 11h2v2H4v-2zm16 0H8v2h12v-2zM4 16h2v2H4v-2zm16 0H8v2h12v-2z\" fill=\"currentColor\"><\/path><\/svg><svg style=\"fill: #999;color:#999\" class=\"arrow-unsorted-368013\" xmlns=\"http:\/\/www.w3.org\/2000\/svg\" width=\"10px\" height=\"10px\" viewBox=\"0 0 24 24\" version=\"1.2\" baseProfile=\"tiny\"><path d=\"M18.2 9.3l-6.2-6.3-6.2 6.3c-.2.2-.3.4-.3.7s.1.5.3.7c.2.2.4.3.7.3h11c.3 0 .5-.1.7-.3.2-.2.3-.5.3-.7s-.1-.5-.3-.7zM5.8 14.7l6.2 6.3 6.2-6.3c.2-.2.3-.5.3-.7s-.1-.5-.3-.7c-.2-.2-.4-.3-.7-.3h-11c-.3 0-.5.1-.7.3-.2.2-.3.5-.3.7s.1.5.3.7z\"\/><\/svg><\/span><\/span><\/span><\/a><\/span><\/div>\n<nav><ul class='ez-toc-list ez-toc-list-level-1 ' ><li class='ez-toc-page-1 ez-toc-heading-level-2'><a class=\"ez-toc-link ez-toc-heading-1\" href=\"https:\/\/www.seguros-autocaravanas.es\/blog\/incendio-en-camping\/08\/2025\/#%C2%BFQue_ocasiono_el_incendio_en_Camping_Vendrell\" >\u00bfQu\u00e9 ocasion\u00f3 el incendio en Camping Vendrell?<\/a><\/li><li class='ez-toc-page-1 ez-toc-heading-level-2'><a class=\"ez-toc-link ez-toc-heading-2\" href=\"https:\/\/www.seguros-autocaravanas.es\/blog\/incendio-en-camping\/08\/2025\/#Cronologia_de_una_madrugada_de_tension\" >Cronolog\u00eda de una madrugada de tensi\u00f3n<\/a><ul class='ez-toc-list-level-3' ><li class='ez-toc-heading-level-3'><a class=\"ez-toc-link ez-toc-heading-3\" href=\"https:\/\/www.seguros-autocaravanas.es\/blog\/incendio-en-camping\/08\/2025\/#Impacto_en_los_campistas_y_en_el_recinto\" >Impacto en los campistas y en el recinto<\/a><\/li><\/ul><\/li><li class='ez-toc-page-1 ez-toc-heading-level-2'><a class=\"ez-toc-link ez-toc-heading-4\" href=\"https:\/\/www.seguros-autocaravanas.es\/blog\/incendio-en-camping\/08\/2025\/#Medidas_de_seguridad_ante_incendios_en_campings\" >Medidas de seguridad ante incendios en campings<\/a><\/li><li class='ez-toc-page-1 ez-toc-heading-level-2'><a class=\"ez-toc-link ez-toc-heading-5\" href=\"https:\/\/www.seguros-autocaravanas.es\/blog\/incendio-en-camping\/08\/2025\/#%C2%BFEl_seguro_de_autocaravanas_cubre_danos_por_incendio\" >\u00bfEl seguro de autocaravanas cubre da\u00f1os por incendio?<\/a><\/li><li class='ez-toc-page-1 ez-toc-heading-level-2'><a class=\"ez-toc-link ez-toc-heading-6\" href=\"https:\/\/www.seguros-autocaravanas.es\/blog\/incendio-en-camping\/08\/2025\/#Mejores_seguros_de_autocaravanas_con_cobertura_de_incendios\" >Mejores seguros de autocaravanas con cobertura de incendios<\/a><\/li><\/ul><\/nav><\/div>\n<h2><span class=\"ez-toc-section\" id=\"%C2%BFQue_ocasiono_el_incendio_en_Camping_Vendrell\"><\/span><span style=\"color: #ff6600;\"><b>\u00bfQu\u00e9 ocasion\u00f3 el incendio en Camping Vendrell?<\/b><\/span><span class=\"ez-toc-section-end\"><\/span><\/h2>\n<p><span style=\"font-weight: 400;\">Seg\u00fan las primeras hip\u00f3tesis, el fuego podr\u00eda haberse originado por un fallo el\u00e9ctrico en una caravana. Aunque la investigaci\u00f3n oficial sigue en curso, esta teor\u00eda es la m\u00e1s respaldada por los responsables del recinto.\u00a0<\/span><\/p>\n<p><b>Los vigilantes nocturnos detectaron las primeras llamas <\/b><span style=\"font-weight: 400;\">y alertaron de inmediato tanto a los hu\u00e9spedes como a los Bomberos de la Generalitat, lo que evit\u00f3 que el siniestro se descontrolara.<\/span><\/p>\n<p><span style=\"font-weight: 400;\">El incidente se complic\u00f3 por tratarse de dos focos activos en diferentes puntos, lo que oblig\u00f3 a dividir los recursos y actuar de forma simult\u00e1nea para frenar el avance del fuego.<\/span><\/p>\n<table style=\"width: 100.19%; height: 62px;\">\n<tbody>\n<tr>\n<td>\n<p style=\"text-align: center;\"><b>Usa el nuevo <\/b><a title=\"comparador de seguros de autocaravanas\" href=\"https:\/\/www.seguros-generales.es\/seguros-autocaravanas.html\" target=\"_blank\" rel=\"noopener\"><b>comparador de seguros de autocaravanas<\/b><\/a><b> y elige la p\u00f3liza m\u00e1s completa al mejor precio.<\/b><\/p>\n<\/td>\n<\/tr>\n<\/tbody>\n<\/table>\n<h2><span class=\"ez-toc-section\" id=\"Cronologia_de_una_madrugada_de_tension\"><\/span><span style=\"color: #ff6600;\"><b>Cronolog\u00eda de una madrugada de tensi\u00f3n<\/b><\/span><span class=\"ez-toc-section-end\"><\/span><\/h2>\n<p><span style=\"font-weight: 400;\">El aviso al 112 se recibi\u00f3 poco despu\u00e9s de las 3:00 de la madrugada. En pocos minutos, siete dotaciones de bomberos llegaron al lugar y confirmaron la gravedad del incidente.<\/span><\/p>\n<ul>\n<li style=\"font-weight: 400;\" aria-level=\"1\"><b>Primer foco:<\/b><span style=\"font-weight: 400;\"> afect\u00f3 a unas 12 caravanas distribuidas en 16 parcelas.<\/span><\/li>\n<li style=\"font-weight: 400;\" aria-level=\"1\"><b>Segundo foco:<\/b><span style=\"font-weight: 400;\"> calcin\u00f3 dos caravanas y un turismo en dos parcelas.<\/span><\/li>\n<\/ul>\n<p><span style=\"font-weight: 400;\">Mientras se combat\u00edan las llamas, el Incendio en Camping Vendrell oblig\u00f3 a evacuar a todos los presentes, cerca de 1.800 personas. <\/span><b>Dos personas fueron atendidas por el Sistema de Emergencias M\u00e9dicas<\/b><span style=\"font-weight: 400;\">, una por inhalaci\u00f3n de humo y otra por una crisis de ansiedad.<\/span><\/p>\n<h3><span class=\"ez-toc-section\" id=\"Impacto_en_los_campistas_y_en_el_recinto\"><\/span><span style=\"color: #ff6600;\"><b>Impacto en los campistas y en el recinto<\/b><\/span><span class=\"ez-toc-section-end\"><\/span><\/h3>\n<p><span style=\"font-weight: 400;\">La mayor parte de los hu\u00e9spedes pudieron regresar a sus alojamientos en pocas horas, salvo aquellos cuyas parcelas resultaron gravemente da\u00f1adas. Para ellos, el personal del camping trabaja en la reubicaci\u00f3n y en la gesti\u00f3n de ayudas.\u00a0<\/span><\/p>\n<p><span style=\"font-weight: 400;\">Las familias m\u00e1s afectadas eran, en su mayor\u00eda, <\/span><b>campistas de larga estancia,<\/b><span style=\"font-weight: 400;\"> que hab\u00edan instalado sus caravanas para toda la temporada estival.<\/span><\/p>\n<p><span style=\"font-weight: 400;\">El responsable del recinto destac\u00f3 la importancia de la colaboraci\u00f3n entre el personal del camping, los hu\u00e9spedes y los equipos de emergencia, lo que permiti\u00f3 que la evacuaci\u00f3n se realizara sin incidentes graves.<\/span><\/p>\n<table>\n<tbody>\n<tr>\n<td><b>Descubre: <\/b><a title=\"Alerta Naranja\" href=\"https:\/\/www.seguros-autocaravanas.es\/blog\/alerta-naranja\/07\/2025\/\" target=\"_blank\" rel=\"noopener\"><b>Alerta Naranja: El pron\u00f3stico del clima cambia DR\u00c1STICAMENTE<\/b><\/a><\/td>\n<\/tr>\n<\/tbody>\n<\/table>\n<h2><span class=\"ez-toc-section\" id=\"Medidas_de_seguridad_ante_incendios_en_campings\"><\/span><span style=\"color: #ff6600;\"><b>Medidas de seguridad ante incendios en campings<\/b><\/span><span class=\"ez-toc-section-end\"><\/span><\/h2>\n<p><span style=\"font-weight: 400;\">Este siniestro recuerda la necesidad de mantener revisiones peri\u00f3dicas de las instalaciones el\u00e9ctricas en caravanas y autocaravanas. Tambi\u00e9n es esencial contar con extintores port\u00e1tiles, <\/span><b>evitar sobrecargar enchufes y seguir las normativas<\/b><span style=\"font-weight: 400;\"> de seguridad establecidas por el camping.<\/span><\/p>\n<p><span style=\"font-weight: 400;\">En un recinto con alta ocupaci\u00f3n, como el que ten\u00eda el Vendrell Platja esa noche, la rapidez en la detecci\u00f3n y el aviso son claves para minimizar da\u00f1os.<\/span><\/p>\n<h2><span class=\"ez-toc-section\" id=\"%C2%BFEl_seguro_de_autocaravanas_cubre_danos_por_incendio\"><\/span><span style=\"color: #ff6600;\"><b>\u00bfEl seguro de autocaravanas cubre da\u00f1os por incendio?<\/b><\/span><span class=\"ez-toc-section-end\"><\/span><\/h2>\n<p><span style=\"font-weight: 400;\">En Espa\u00f1a, la cobertura por incendio en autocaravanas y caravanas depende del tipo de p\u00f3liza contratada. Las m\u00e1s b\u00e1sicas pueden no incluirla, o limitarla solo a siniestros ocurridos en carretera.\u00a0<\/span><\/p>\n<p><span style=\"font-weight: 400;\">Las p\u00f3lizas m\u00e1s completas s\u00ed contemplan da\u00f1os por fuego, ya sea accidental o derivado de causas externas, siempre que no exista negligencia del propietario.<\/span><\/p>\n<p><b>Es recomendable revisar la letra peque\u00f1a del contrato<\/b><span style=\"font-weight: 400;\">, ya que algunas aseguradoras excluyen da\u00f1os ocurridos en zonas de acampada no autorizadas o cuando el veh\u00edculo est\u00e1 vac\u00edo durante largos periodos.<\/span><\/p>\n<h2><span class=\"ez-toc-section\" id=\"Mejores_seguros_de_autocaravanas_con_cobertura_de_incendios\"><\/span><span style=\"color: #ff6600;\"><b>Mejores seguros de autocaravanas con cobertura de incendios<\/b><\/span><span class=\"ez-toc-section-end\"><\/span><\/h2>\n<table>\n<tbody>\n<tr>\n<td style=\"text-align: center;\"><b>Seguro<\/b><\/td>\n<td style=\"text-align: center;\"><b>Aseguradora<\/b><\/td>\n<td style=\"text-align: center;\"><b>Cobertura de da\u00f1os por incendios<\/b><\/td>\n<td style=\"text-align: center;\"><b>Otras coberturas principales<\/b><\/td>\n<\/tr>\n<tr>\n<td style=\"text-align: center;\"><span style=\"font-weight: 400;\">Auto Caravan Plus<\/span><\/td>\n<td style=\"text-align: center;\"><span style=\"font-weight: 400;\">Allianz Partners<\/span><\/td>\n<td style=\"text-align: center;\"><span style=\"font-weight: 400;\">S\u00ed, incluye incendios en ruta y estacionamiento<\/span><\/td>\n<td style=\"text-align: center;\"><span style=\"font-weight: 400;\">Robo, da\u00f1os por fen\u00f3menos meteorol\u00f3gicos, asistencia en viaje<\/span><\/td>\n<\/tr>\n<tr>\n<td style=\"text-align: center;\"><span style=\"font-weight: 400;\">Caravana Segura Total<\/span><\/td>\n<td style=\"text-align: center;\"><span style=\"font-weight: 400;\">Mapfre<\/span><\/td>\n<td style=\"text-align: center;\"><span style=\"font-weight: 400;\">S\u00ed, cobertura integral<\/span><\/td>\n<td style=\"text-align: center;\"><span style=\"font-weight: 400;\">Responsabilidad civil, da\u00f1os propios, asistencia jur\u00eddica<\/span><\/td>\n<\/tr>\n<tr>\n<td style=\"text-align: center;\"><span style=\"font-weight: 400;\">Motorhome Protect<\/span><\/td>\n<td style=\"text-align: center;\"><span style=\"font-weight: 400;\">AXA Assistance<\/span><\/td>\n<td style=\"text-align: center;\"><span style=\"font-weight: 400;\">S\u00ed, con cobertura ampliada<\/span><\/td>\n<td style=\"text-align: center;\"><span style=\"font-weight: 400;\">Robo, lunas, da\u00f1os por agua, aver\u00edas mec\u00e1nicas<\/span><\/td>\n<\/tr>\n<tr>\n<td style=\"text-align: center;\"><span style=\"font-weight: 400;\">Travel Van Elite<\/span><\/td>\n<td style=\"text-align: center;\"><span style=\"font-weight: 400;\">Intermundial<\/span><\/td>\n<td style=\"text-align: center;\"><span style=\"font-weight: 400;\">S\u00ed, incluso en zonas de camping<\/span><\/td>\n<td style=\"text-align: center;\"><span style=\"font-weight: 400;\">Gastos m\u00e9dicos, repatriaci\u00f3n, equipaje<\/span><\/td>\n<\/tr>\n<tr>\n<td style=\"text-align: center;\"><span style=\"font-weight: 400;\">Euro Camper Plus<\/span><\/td>\n<td style=\"text-align: center;\"><span style=\"font-weight: 400;\">Europ Assistance<\/span><\/td>\n<td style=\"text-align: center;\"><span style=\"font-weight: 400;\">S\u00ed, en paquetes superiores<\/span><\/td>\n<td style=\"text-align: center;\"><span style=\"font-weight: 400;\">Asistencia en carretera, responsabilidad civil ampliada<\/span><\/td>\n<\/tr>\n<\/tbody>\n<\/table>\n<p>&nbsp;<\/p>\n","protected":false},"excerpt":{"rendered":"<p>Incendio en Camping Vendrell es el titular que ha despertado la atenci\u00f3n nacional tras una madrugada de tensi\u00f3n en Tarragona. M\u00e1s de 1.700 personas fueron evacuadas de manera preventiva despu\u00e9s de que las llamas se propagaran r\u00e1pidamente en dos zonas distintas del recinto.\u00a0 El suceso, ocurrido cuando el camping se encontraba pr\u00e1cticamente lleno, oblig\u00f3 a [&hellip;]<\/p>\n","protected":false},"author":4,"featured_media":1180,"comment_status":"open","ping_status":"open","sticky":false,"template":"","format":"standard","meta":{"_et_pb_use_builder":"","_et_pb_old_content":"","_et_gb_content_width":"","footnotes":""},"categories":[208],"tags":[924,923,925,922],"class_list":["post-1179","post","type-post","status-publish","format-standard","has-post-thumbnail","hentry","category-noticias","tag-incendio-camping-hoy","tag-incendio-camping-vendrell","tag-incendio-en-camping","tag-incendio-en-camping-vendrell"],"_links":{"self":[{"href":"https:\/\/www.seguros-autocaravanas.es\/blog\/wp-json\/wp\/v2\/posts\/1179","targetHints":{"allow":["GET"]}}],"collection":[{"href":"https:\/\/www.seguros-autocaravanas.es\/blog\/wp-json\/wp\/v2\/posts"}],"about":[{"href":"https:\/\/www.seguros-autocaravanas.es\/blog\/wp-json\/wp\/v2\/types\/post"}],"author":[{"embeddable":true,"href":"https:\/\/www.seguros-autocaravanas.es\/blog\/wp-json\/wp\/v2\/users\/4"}],"replies":[{"embeddable":true,"href":"https:\/\/www.seguros-autocaravanas.es\/blog\/wp-json\/wp\/v2\/comments?post=1179"}],"version-history":[{"count":1,"href":"https:\/\/www.seguros-autocaravanas.es\/blog\/wp-json\/wp\/v2\/posts\/1179\/revisions"}],"predecessor-version":[{"id":1181,"href":"https:\/\/www.seguros-autocaravanas.es\/blog\/wp-json\/wp\/v2\/posts\/1179\/revisions\/1181"}],"wp:featuredmedia":[{"embeddable":true,"href":"https:\/\/www.seguros-autocaravanas.es\/blog\/wp-json\/wp\/v2\/media\/1180"}],"wp:attachment":[{"href":"https:\/\/www.seguros-autocaravanas.es\/blog\/wp-json\/wp\/v2\/media?parent=1179"}],"wp:term":[{"taxonomy":"category","embeddable":true,"href":"https:\/\/www.seguros-autocaravanas.es\/blog\/wp-json\/wp\/v2\/categories?post=1179"},{"taxonomy":"post_tag","embeddable":true,"href":"https:\/\/www.seguros-autocaravanas.es\/blog\/wp-json\/wp\/v2\/tags?post=1179"}],"curies":[{"name":"wp","href":"https:\/\/api.w.org\/{rel}","templated":true}]}}