{"id":1188,"date":"2025-10-03T05:49:59","date_gmt":"2025-10-03T05:49:59","guid":{"rendered":"https:\/\/www.seguros-autocaravanas.es\/blog\/?p=1188"},"modified":"2025-10-03T05:49:59","modified_gmt":"2025-10-03T05:49:59","slug":"alquilar-mi-autocaravana-legalmente","status":"publish","type":"post","link":"https:\/\/www.seguros-autocaravanas.es\/blog\/alquilar-mi-autocaravana-legalmente\/10\/2025\/","title":{"rendered":"Pasos para alquilar mi autocaravana legalmente | Actualizado"},"content":{"rendered":"<p><span style=\"font-weight: 400;\">Si te preguntas <\/span><b>cu\u00e1les son los pasos para alquilar mi autocaravana<\/b><span style=\"font-weight: 400;\">, has llegado al lugar indicado. Alquilar un veh\u00edculo de este tipo implica m\u00e1s que simplemente ponerlo en alquiler: hay aspectos legales, fiscales y t\u00e9cnicos que debes tener en cuenta.\u00a0<\/span><\/p>\n<p><span style=\"font-weight: 400;\">Con la normativa reciente y algunos requisitos obligatorios, es esencial estar bien informado antes de ofrecer tu autocaravana en alquiler.<\/span><\/p>\n<p><span style=\"font-weight: 400;\">En esta gu\u00eda te mostrar\u00e9 de forma clara y pr\u00e1ctica<\/span><b> c\u00f3mo proceder para poner tu autocaravana a disposici\u00f3n legalmente<\/b><span style=\"font-weight: 400;\">, qu\u00e9 permisos necesitas, qu\u00e9 obligaciones fiscales aparecen y qu\u00e9 seguros convienen.\u00a0<\/span><\/p>\n<table>\n<tbody>\n<tr>\n<td><b>Descubre: <\/b><a href=\"https:\/\/www.seguros-autocaravanas.es\/blog\/el-tiempo-en-valencia\/09\/2025\/\"><b>El tiempo en Valencia: Ca\u00edda de \u00e1rboles y lluvias fuertes<\/b><\/a><\/td>\n<\/tr>\n<\/tbody>\n<\/table>\n<div id=\"ez-toc-container\" class=\"ez-toc-v2_0_82_2 counter-hierarchy ez-toc-counter ez-toc-grey ez-toc-container-direction\">\n<div class=\"ez-toc-title-container\">\n<p class=\"ez-toc-title\" style=\"cursor:inherit\">Table of Contents<\/p>\n<span class=\"ez-toc-title-toggle\"><a href=\"#\" class=\"ez-toc-pull-right ez-toc-btn ez-toc-btn-xs ez-toc-btn-default ez-toc-toggle\" aria-label=\"Alternar tabla de contenidos\"><span class=\"ez-toc-js-icon-con\"><span class=\"\"><span class=\"eztoc-hide\" style=\"display:none;\">Toggle<\/span><span class=\"ez-toc-icon-toggle-span\"><svg style=\"fill: #999;color:#999\" xmlns=\"http:\/\/www.w3.org\/2000\/svg\" class=\"list-377408\" width=\"20px\" height=\"20px\" viewBox=\"0 0 24 24\" fill=\"none\"><path d=\"M6 6H4v2h2V6zm14 0H8v2h12V6zM4 11h2v2H4v-2zm16 0H8v2h12v-2zM4 16h2v2H4v-2zm16 0H8v2h12v-2z\" fill=\"currentColor\"><\/path><\/svg><svg style=\"fill: #999;color:#999\" class=\"arrow-unsorted-368013\" xmlns=\"http:\/\/www.w3.org\/2000\/svg\" width=\"10px\" height=\"10px\" viewBox=\"0 0 24 24\" version=\"1.2\" baseProfile=\"tiny\"><path d=\"M18.2 9.3l-6.2-6.3-6.2 6.3c-.2.2-.3.4-.3.7s.1.5.3.7c.2.2.4.3.7.3h11c.3 0 .5-.1.7-.3.2-.2.3-.5.3-.7s-.1-.5-.3-.7zM5.8 14.7l6.2 6.3 6.2-6.3c.2-.2.3-.5.3-.7s-.1-.5-.3-.7c-.2-.2-.4-.3-.7-.3h-11c-.3 0-.5.1-.7.3-.2.2-.3.5-.3.7s.1.5.3.7z\"\/><\/svg><\/span><\/span><\/span><\/a><\/span><\/div>\n<nav><ul class='ez-toc-list ez-toc-list-level-1 ' ><li class='ez-toc-page-1 ez-toc-heading-level-2'><a class=\"ez-toc-link ez-toc-heading-1\" href=\"https:\/\/www.seguros-autocaravanas.es\/blog\/alquilar-mi-autocaravana-legalmente\/10\/2025\/#%C2%BFCuales_son_los_pasos_para_alquilar_mi_autocaravana\" >\u00bfCu\u00e1les son los pasos para alquilar mi autocaravana?<\/a><ul class='ez-toc-list-level-3' ><li class='ez-toc-heading-level-3'><a class=\"ez-toc-link ez-toc-heading-2\" href=\"https:\/\/www.seguros-autocaravanas.es\/blog\/alquilar-mi-autocaravana-legalmente\/10\/2025\/#1_Verificar_la_documentacion_del_vehiculo\" >1. Verificar la documentaci\u00f3n del veh\u00edculo<\/a><\/li><li class='ez-toc-page-1 ez-toc-heading-level-3'><a class=\"ez-toc-link ez-toc-heading-3\" href=\"https:\/\/www.seguros-autocaravanas.es\/blog\/alquilar-mi-autocaravana-legalmente\/10\/2025\/#2_Requisitos_del_arrendador_y_condiciones_del_alquiler\" >2. Requisitos del arrendador y condiciones del alquiler<\/a><\/li><li class='ez-toc-page-1 ez-toc-heading-level-3'><a class=\"ez-toc-link ez-toc-heading-4\" href=\"https:\/\/www.seguros-autocaravanas.es\/blog\/alquilar-mi-autocaravana-legalmente\/10\/2025\/#3_Contrato_formal_de_alquiler\" >3. Contrato formal de alquiler<\/a><\/li><li class='ez-toc-page-1 ez-toc-heading-level-3'><a class=\"ez-toc-link ez-toc-heading-5\" href=\"https:\/\/www.seguros-autocaravanas.es\/blog\/alquilar-mi-autocaravana-legalmente\/10\/2025\/#4_Fianza_comprobacion_previa_y_entrega\" >4. Fianza, comprobaci\u00f3n previa y entrega<\/a><\/li><li class='ez-toc-page-1 ez-toc-heading-level-3'><a class=\"ez-toc-link ez-toc-heading-6\" href=\"https:\/\/www.seguros-autocaravanas.es\/blog\/alquilar-mi-autocaravana-legalmente\/10\/2025\/#5_Gestion_fiscal_y_tributaria\" >5. Gesti\u00f3n fiscal y tributaria<\/a><\/li><li class='ez-toc-page-1 ez-toc-heading-level-3'><a class=\"ez-toc-link ez-toc-heading-7\" href=\"https:\/\/www.seguros-autocaravanas.es\/blog\/alquilar-mi-autocaravana-legalmente\/10\/2025\/#6_Seguridad_y_seguros\" >6. Seguridad y seguros<\/a><\/li><li class='ez-toc-page-1 ez-toc-heading-level-3'><a class=\"ez-toc-link ez-toc-heading-8\" href=\"https:\/\/www.seguros-autocaravanas.es\/blog\/alquilar-mi-autocaravana-legalmente\/10\/2025\/#7_Comunicacion_al_viaje_y_cumplimiento_normativo\" >7. Comunicaci\u00f3n al viaje y cumplimiento normativo<\/a><\/li><li class='ez-toc-page-1 ez-toc-heading-level-3'><a class=\"ez-toc-link ez-toc-heading-9\" href=\"https:\/\/www.seguros-autocaravanas.es\/blog\/alquilar-mi-autocaravana-legalmente\/10\/2025\/#8_Control_y_seguimiento_del_vehiculo\" >8. Control y seguimiento del veh\u00edculo<\/a><\/li><\/ul><\/li><li class='ez-toc-page-1 ez-toc-heading-level-2'><a class=\"ez-toc-link ez-toc-heading-10\" href=\"https:\/\/www.seguros-autocaravanas.es\/blog\/alquilar-mi-autocaravana-legalmente\/10\/2025\/#Aspectos_legales_y_normativos_que_conviene_conocer\" >Aspectos legales y normativos que conviene conocer<\/a><\/li><li class='ez-toc-page-1 ez-toc-heading-level-2'><a class=\"ez-toc-link ez-toc-heading-11\" href=\"https:\/\/www.seguros-autocaravanas.es\/blog\/alquilar-mi-autocaravana-legalmente\/10\/2025\/#%C2%BFEl_seguro_de_autocaravanas_cubre_emergencias\" >\u00bfEl seguro de autocaravanas cubre emergencias?<\/a><\/li><\/ul><\/nav><\/div>\n<h2><span class=\"ez-toc-section\" id=\"%C2%BFCuales_son_los_pasos_para_alquilar_mi_autocaravana\"><\/span><span style=\"color: #ff6600;\"><b>\u00bfCu\u00e1les son los pasos para alquilar mi autocaravana?<\/b><\/span><span class=\"ez-toc-section-end\"><\/span><\/h2>\n<p><span style=\"font-weight: 400;\">Aqu\u00ed tienes una ruta pr\u00e1ctica y ordenada con los principales pasos que debes seguir:<\/span><\/p>\n<h3><span class=\"ez-toc-section\" id=\"1_Verificar_la_documentacion_del_vehiculo\"><\/span><span style=\"color: #ff6600;\"><b>1. Verificar la documentaci\u00f3n del veh\u00edculo<\/b><\/span><span class=\"ez-toc-section-end\"><\/span><\/h3>\n<p><span style=\"font-weight: 400;\">Tu autocaravana debe contar con permiso de circulaci\u00f3n, ficha t\u00e9cnica vigente (ITV) y seguro obligatorio. Tambi\u00e9n debe estar en perfecto estado de funcionamiento interior y exterior.\u00a0<\/span><\/p>\n<p><a href=\"https:\/\/www.seguros-generales.es\/seguros-autocaravanas.html\" target=\"_blank\" rel=\"noopener\"><img loading=\"lazy\" decoding=\"async\" class=\"aligncenter wp-image-1056 size-full\" title=\"Comparador de seguros de autocaravanas\" src=\"https:\/\/www.seguros-autocaravanas.es\/blog\/wp-content\/uploads\/2024\/08\/AUTOCARAVANA.png\" alt=\"Comparador de seguros de autocaravanas\" width=\"600\" height=\"200\" srcset=\"https:\/\/www.seguros-autocaravanas.es\/blog\/wp-content\/uploads\/2024\/08\/AUTOCARAVANA.png 600w, https:\/\/www.seguros-autocaravanas.es\/blog\/wp-content\/uploads\/2024\/08\/AUTOCARAVANA-480x160.png 480w\" sizes=\"(min-width: 0px) and (max-width: 480px) 480px, (min-width: 481px) 600px, 100vw\" \/><\/a><\/p>\n<h3><span class=\"ez-toc-section\" id=\"2_Requisitos_del_arrendador_y_condiciones_del_alquiler\"><\/span><span style=\"color: #ff6600;\"><b>2. Requisitos del arrendador y condiciones del alquiler<\/b><\/span><span class=\"ez-toc-section-end\"><\/span><\/h3>\n<p><span style=\"font-weight: 400;\">Verifica la edad m\u00ednima para alquilar, el tipo de carnet, los a\u00f1os de antig\u00fcedad del permiso, etc. Por ejemplo, plataformas como Yescapa exigen al viajero tener al menos 24 a\u00f1os y dos a\u00f1os de carnet tipo B.\u00a0<\/span><\/p>\n<p><span style=\"font-weight: 400;\">Adem\u00e1s, a partir del 2 de diciembre de 2024, los propietarios que alquilen el veh\u00edculo (incluso de forma particular) deben registrar cada operaci\u00f3n en el Registro Documental de viajeros conforme al <\/span><b>Real Decreto 933\/2021.\u00a0<\/b><\/p>\n<table>\n<tbody>\n<tr>\n<td><b>Descubre: <\/b><a title=\"Incendio en Camping Vendrell\" href=\"https:\/\/www.seguros-autocaravanas.es\/blog\/incendio-en-camping\/08\/2025\/\" target=\"_blank\" rel=\"noopener\"><b>Incendio en Camping Vendrell | Anuncian desalojo por siniestro<\/b><\/a><\/td>\n<\/tr>\n<\/tbody>\n<\/table>\n<h3><span class=\"ez-toc-section\" id=\"3_Contrato_formal_de_alquiler\"><\/span><span style=\"color: #ff6600;\"><b>3. Contrato formal de alquiler<\/b><\/span><span class=\"ez-toc-section-end\"><\/span><\/h3>\n<p><span style=\"font-weight: 400;\">Es importante redactar un buen contrato que detalle: \u00e1mbito del alquiler, duraci\u00f3n, responsabilidades, fianzas, l\u00edmites de kilometraje, condiciones de uso, da\u00f1os permitidos, etc. Plataformas especializadas suelen ofrecer modelos orientativos.\u00a0<\/span><\/p>\n<h3><span class=\"ez-toc-section\" id=\"4_Fianza_comprobacion_previa_y_entrega\"><\/span><span style=\"color: #ff6600;\"><b>4. Fianza, comprobaci\u00f3n previa y entrega<\/b><\/span><span class=\"ez-toc-section-end\"><\/span><\/h3>\n<p><span style=\"font-weight: 400;\">Antes de entregar la autocaravana, <\/span><b>haz una inspecci\u00f3n conjunta con el arrendatario <\/b><span style=\"font-weight: 400;\">para documentar cualquier da\u00f1o previo, tomar fotos y dejar constancia por escrito. Deposita una fianza (o garant\u00eda) que permita cubrir eventuales desperfectos.<\/span><\/p>\n<h3><span class=\"ez-toc-section\" id=\"5_Gestion_fiscal_y_tributaria\"><\/span><span style=\"color: #ff6600;\"><b>5. Gesti\u00f3n fiscal y tributaria<\/b><\/span><span class=\"ez-toc-section-end\"><\/span><\/h3>\n<p><span style=\"font-weight: 400;\">Si el alquiler es ocasional, puedes tributar como rendimientos del capital mobiliario. Si se convierte en actividad habitual, deber\u00e1s darte de alta como aut\u00f3nomo y <\/span><b>tributar por IVA e IRPF.\u00a0<\/b><\/p>\n<p><span style=\"font-weight: 400;\">Adem\u00e1s, tendr\u00e1s que declarar los ingresos y justificar los gastos (mantenimiento, seguros, limpieza).<\/span><\/p>\n<table style=\"width: 102.049%; height: 61px;\">\n<tbody>\n<tr>\n<td>\n<p style=\"text-align: center;\"><b>Usa el <\/b><a title=\"comparador de seguros de autocaravanas\" href=\"https:\/\/www.seguros-generales.es\/seguros-autocaravanas.html\" target=\"_blank\" rel=\"noopener\"><b>comparador de seguros de autocaravanas<\/b><\/a><b> y consigue la p\u00f3liza m\u00e1s competitiva en el mercado.<\/b><\/p>\n<\/td>\n<\/tr>\n<\/tbody>\n<\/table>\n<h3><span class=\"ez-toc-section\" id=\"6_Seguridad_y_seguros\"><\/span><span style=\"color: #ff6600;\"><b>6. Seguridad y seguros<\/b><\/span><span class=\"ez-toc-section-end\"><\/span><\/h3>\n<p><span style=\"font-weight: 400;\">El veh\u00edculo que alquilas debe contar con un seguro en vigor y, si es necesario, complementos para cubrir los riesgos del alquiler (da\u00f1os, asistencia, robo).\u00a0<\/span><\/p>\n<h3><span class=\"ez-toc-section\" id=\"7_Comunicacion_al_viaje_y_cumplimiento_normativo\"><\/span><span style=\"color: #ff6600;\"><b>7. Comunicaci\u00f3n al viaje y cumplimiento normativo<\/b><\/span><span class=\"ez-toc-section-end\"><\/span><\/h3>\n<p><span style=\"font-weight: 400;\">Cumple con el registro de viajeros en las operaciones de alquiler y remite la informaci\u00f3n exigida al Ministerio del Interior dentro de las 24 horas.\u00a0<\/span><\/p>\n<h3><span class=\"ez-toc-section\" id=\"8_Control_y_seguimiento_del_vehiculo\"><\/span><span style=\"color: #ff6600;\"><b>8. Control y seguimiento del veh\u00edculo<\/b><\/span><span class=\"ez-toc-section-end\"><\/span><\/h3>\n<p><span style=\"font-weight: 400;\">Monitorea el uso, los kil\u00f3metros recorridos, el estado tras cada alquiler, y realiza mantenimiento preventivo para garantizar que tu autocaravana siempre est\u00e9 en condiciones \u00f3ptimas.<\/span><\/p>\n<h2><span class=\"ez-toc-section\" id=\"Aspectos_legales_y_normativos_que_conviene_conocer\"><\/span><span style=\"color: #ff6600;\"><b>Aspectos legales y normativos que conviene conocer<\/b><\/span><span class=\"ez-toc-section-end\"><\/span><\/h2>\n<ul>\n<li style=\"font-weight: 400;\" aria-level=\"1\"><b>El Real Decreto 933\/2021 <\/b><span style=\"font-weight: 400;\">impone obligaciones de registro documental para los alquileres de veh\u00edculos: cada operaci\u00f3n debe ser comunicada al registro de viajeros.\u00a0<\/span><\/li>\n<li style=\"font-weight: 400;\" aria-level=\"1\"><b>Si el alquiler es habitual, <\/b><span style=\"font-weight: 400;\">la administraci\u00f3n podr\u00eda entender que es una actividad econ\u00f3mica, con obligaci\u00f3n de alta en Seguridad Social y obligaciones fiscales m\u00e1s amplias.\u00a0<\/span><\/li>\n<li style=\"font-weight: 400;\" aria-level=\"1\"><b>Algunas voces advierten que el alquiler entre particulares<\/b><span style=\"font-weight: 400;\"> \u201cno profesional\u201d tiene zonas grises legales, por lo que es importante contar con asesor\u00eda si la actividad crece.\u00a0<\/span><\/li>\n<\/ul>\n<h2><span class=\"ez-toc-section\" id=\"%C2%BFEl_seguro_de_autocaravanas_cubre_emergencias\"><\/span><span style=\"color: #ff6600;\"><b>\u00bfEl seguro de autocaravanas cubre emergencias?<\/b><\/span><span class=\"ez-toc-section-end\"><\/span><\/h2>\n<p><span style=\"font-weight: 400;\">S\u00ed, un seguro adecuado puede cubrir emergencias durante el alquiler, pero depende de las coberturas contratadas. Lo normal es que <\/span><b>la p\u00f3liza b\u00e1sica ofrezca responsabilidad civil obligatoria<\/b><span style=\"font-weight: 400;\">, pero puedas contratar coberturas adicionales como asistencia en viaje, da\u00f1os propios, robo, lunas, defensa jur\u00eddica, etc.\u00a0<\/span><\/p>\n<p><span style=\"font-weight: 400;\">Algunos seguros especializados para autocaravanas parten de unos 200 \u20ac\/a\u00f1o aproximadamente, mientras que las tarifas pueden subir seg\u00fan modelo, uso, zona y valor del veh\u00edculo.<\/span><\/p>\n","protected":false},"excerpt":{"rendered":"<p>Si te preguntas cu\u00e1les son los pasos para alquilar mi autocaravana, has llegado al lugar indicado. Alquilar un veh\u00edculo de este tipo implica m\u00e1s que simplemente ponerlo en alquiler: hay aspectos legales, fiscales y t\u00e9cnicos que debes tener en cuenta.\u00a0 Con la normativa reciente y algunos requisitos obligatorios, es esencial estar bien informado antes de [&hellip;]<\/p>\n","protected":false},"author":4,"featured_media":1189,"comment_status":"open","ping_status":"open","sticky":false,"template":"","format":"standard","meta":{"_et_pb_use_builder":"","_et_pb_old_content":"","_et_gb_content_width":"","footnotes":""},"categories":[208],"tags":[926,927,928,929],"class_list":["post-1188","post","type-post","status-publish","format-standard","has-post-thumbnail","hentry","category-noticias","tag-alquilar-mi-autocaravana","tag-como-alquilar-mi-autocaravana","tag-es-legal-alquilar-mi-furgoneta","tag-particular-alquila-autocaravana"],"_links":{"self":[{"href":"https:\/\/www.seguros-autocaravanas.es\/blog\/wp-json\/wp\/v2\/posts\/1188","targetHints":{"allow":["GET"]}}],"collection":[{"href":"https:\/\/www.seguros-autocaravanas.es\/blog\/wp-json\/wp\/v2\/posts"}],"about":[{"href":"https:\/\/www.seguros-autocaravanas.es\/blog\/wp-json\/wp\/v2\/types\/post"}],"author":[{"embeddable":true,"href":"https:\/\/www.seguros-autocaravanas.es\/blog\/wp-json\/wp\/v2\/users\/4"}],"replies":[{"embeddable":true,"href":"https:\/\/www.seguros-autocaravanas.es\/blog\/wp-json\/wp\/v2\/comments?post=1188"}],"version-history":[{"count":1,"href":"https:\/\/www.seguros-autocaravanas.es\/blog\/wp-json\/wp\/v2\/posts\/1188\/revisions"}],"predecessor-version":[{"id":1190,"href":"https:\/\/www.seguros-autocaravanas.es\/blog\/wp-json\/wp\/v2\/posts\/1188\/revisions\/1190"}],"wp:featuredmedia":[{"embeddable":true,"href":"https:\/\/www.seguros-autocaravanas.es\/blog\/wp-json\/wp\/v2\/media\/1189"}],"wp:attachment":[{"href":"https:\/\/www.seguros-autocaravanas.es\/blog\/wp-json\/wp\/v2\/media?parent=1188"}],"wp:term":[{"taxonomy":"category","embeddable":true,"href":"https:\/\/www.seguros-autocaravanas.es\/blog\/wp-json\/wp\/v2\/categories?post=1188"},{"taxonomy":"post_tag","embeddable":true,"href":"https:\/\/www.seguros-autocaravanas.es\/blog\/wp-json\/wp\/v2\/tags?post=1188"}],"curies":[{"name":"wp","href":"https:\/\/api.w.org\/{rel}","templated":true}]}}