{"id":302,"date":"2019-04-29T13:50:01","date_gmt":"2019-04-29T13:50:01","guid":{"rendered":"https:\/\/www.seguros-autocaravanas.es\/blog\/?p=302"},"modified":"2024-04-12T18:04:26","modified_gmt":"2024-04-12T18:04:26","slug":"oriamendi-espera-por-la-legislatura-para-contar-con-punto-de-autocaravanas","status":"publish","type":"post","link":"https:\/\/www.seguros-autocaravanas.es\/blog\/oriamendi-espera-por-la-legislatura-para-contar-con-punto-de-autocaravanas\/04\/2019\/","title":{"rendered":"Oriamendi espera por legislatura su punto de autocaravanas"},"content":{"rendered":"<p>El proyecto para crear un punto de autocaravanas en terrenos verdes de Oriamendi, no se ha terminado a\u00fan. La futura instalaci\u00f3n para autocaravanas est\u00e1 junto a los viveros de flores y ha sido considerado de \u201cinter\u00e9s p\u00fablico\u201d por parte de la Diputaci\u00f3n.<\/p>\n<p>Sin embargo<strong>, la nueva infraestructura para viajeros, a pesar de que han pasado casi seis a\u00f1os en tramitaci\u00f3n, tampoco podr\u00e1 ser una realidad este verano<\/strong>. Afirma Ignacio Azurza su impulsor, que la espera ha sido demasiado larga, y todav\u00eda no se ven los resultados. La ciudad, por su parte, espera por las 132 plazas m\u00e1s para los viajeros sobre ruedas.<\/p>\n<p>Azurza ha tratado de agilizar en lo posible su iniciativa, para dar por terminado el proyecto, pero hasta los momentos se ha hecho interminable. \u201cPor tres d\u00edas nos vamos a quedar sin poder tener listo el camping para este verano\u201d. \u00a0Afirma con acongojo el empresario.<\/p>\n<p>\u201cNos dicen que las instituciones est\u00e1n a favor del emprendimiento pero si te pones a emprender te encuentras con muchos problemas. Empec\u00e9 con este proyecto en el Gobierno de EH Bildu y en 2017 el concejal de Urbanismo, Enrique Ramos, dijo que el camping ser\u00eda una realidad en verano de 2018\u201d.<\/p>\n<blockquote><p>Recuerde contratar siempre el mejor <a href=\"https:\/\/www.seguros-autocaravanas.es\">seguro de autocaravanas<\/a> para proteger al m\u00e1ximo su inversi\u00f3n<\/p><\/blockquote>\n<div id=\"ez-toc-container\" class=\"ez-toc-v2_0_82_2 counter-hierarchy ez-toc-counter ez-toc-grey ez-toc-container-direction\">\n<div class=\"ez-toc-title-container\">\n<p class=\"ez-toc-title\" style=\"cursor:inherit\">Table of Contents<\/p>\n<span class=\"ez-toc-title-toggle\"><a href=\"#\" class=\"ez-toc-pull-right ez-toc-btn ez-toc-btn-xs ez-toc-btn-default ez-toc-toggle\" aria-label=\"Alternar tabla de contenidos\"><span class=\"ez-toc-js-icon-con\"><span class=\"\"><span class=\"eztoc-hide\" style=\"display:none;\">Toggle<\/span><span class=\"ez-toc-icon-toggle-span\"><svg style=\"fill: #999;color:#999\" xmlns=\"http:\/\/www.w3.org\/2000\/svg\" class=\"list-377408\" width=\"20px\" height=\"20px\" viewBox=\"0 0 24 24\" fill=\"none\"><path d=\"M6 6H4v2h2V6zm14 0H8v2h12V6zM4 11h2v2H4v-2zm16 0H8v2h12v-2zM4 16h2v2H4v-2zm16 0H8v2h12v-2z\" fill=\"currentColor\"><\/path><\/svg><svg style=\"fill: #999;color:#999\" class=\"arrow-unsorted-368013\" xmlns=\"http:\/\/www.w3.org\/2000\/svg\" width=\"10px\" height=\"10px\" viewBox=\"0 0 24 24\" version=\"1.2\" baseProfile=\"tiny\"><path d=\"M18.2 9.3l-6.2-6.3-6.2 6.3c-.2.2-.3.4-.3.7s.1.5.3.7c.2.2.4.3.7.3h11c.3 0 .5-.1.7-.3.2-.2.3-.5.3-.7s-.1-.5-.3-.7zM5.8 14.7l6.2 6.3 6.2-6.3c.2-.2.3-.5.3-.7s-.1-.5-.3-.7c-.2-.2-.4-.3-.7-.3h-11c-.3 0-.5.1-.7.3-.2.2-.3.5-.3.7s.1.5.3.7z\"\/><\/svg><\/span><\/span><\/span><\/a><\/span><\/div>\n<nav><ul class='ez-toc-list ez-toc-list-level-1 ' ><li class='ez-toc-page-1 ez-toc-heading-level-2'><a class=\"ez-toc-link ez-toc-heading-1\" href=\"https:\/\/www.seguros-autocaravanas.es\/blog\/oriamendi-espera-por-la-legislatura-para-contar-con-punto-de-autocaravanas\/04\/2019\/#Tramitacion_en_proceso\" >Tramitaci\u00f3n en proceso<\/a><\/li><li class='ez-toc-page-1 ez-toc-heading-level-2'><a class=\"ez-toc-link ez-toc-heading-2\" href=\"https:\/\/www.seguros-autocaravanas.es\/blog\/oriamendi-espera-por-la-legislatura-para-contar-con-punto-de-autocaravanas\/04\/2019\/#No_hay_espacio_para_las_autocaravanas\" >No hay espacio para las autocaravanas<\/a><\/li><li class='ez-toc-page-1 ez-toc-heading-level-2'><a class=\"ez-toc-link ez-toc-heading-3\" href=\"https:\/\/www.seguros-autocaravanas.es\/blog\/oriamendi-espera-por-la-legislatura-para-contar-con-punto-de-autocaravanas\/04\/2019\/#Situacion_del_proyecto\" >Situaci\u00f3n del proyecto<\/a><\/li><\/ul><\/nav><\/div>\n<h2><span class=\"ez-toc-section\" id=\"Tramitacion_en_proceso\"><\/span><strong>Tramitaci\u00f3n en proceso<\/strong><span class=\"ez-toc-section-end\"><\/span><\/h2>\n<p>Despu\u00e9s de obtener el visto bueno de la comisi\u00f3n de Ordenaci\u00f3n del Territorio del Gobierno Vasco se logr\u00f3 la declaraci\u00f3n medioambiental positiva. <strong>El visto bueno fue en julio de 2017 y el permiso se logr\u00f3 en septiembre de 2018. <\/strong>Es una nueva garant\u00eda que es necesaria para todo tipo de proyectos urban\u00edsticos.<\/p>\n<p>En el Bolet\u00edn Oficial de Gipuzkoa del 15 de abril, se public\u00f3 que la iniciativa se considera de inter\u00e9s general. Sin embargo, el proyecto no se pudo aprobar por el Pleno del17 de abril,\u00a0 por no entrar a tiempo para formar parte del orden del d\u00eda.<\/p>\n<p>Es necesario introducir el punto en la agenda de trabajo o buscar otra manera para que el camping de autocaracavanas tenga toda su documentaci\u00f3n aprobada con la actual legislatura. Al haber un cambio de Corporaci\u00f3n habr\u00e1 un tiempo sin actividad municipal y se retrasar\u00e1 a\u00fan m\u00e1s el proceso de inicio del proyecto.<\/p>\n<h2><span class=\"ez-toc-section\" id=\"No_hay_espacio_para_las_autocaravanas\"><\/span><strong>No hay espacio para las autocaravanas<\/strong><span class=\"ez-toc-section-end\"><\/span><\/h2>\n<p>Explica\u00a0 Azurza que\u00a0 \u201cla falta de espacio para estos veh\u00edculos es una realidad en Donostia\u201d. \u201cNo nos da tiempo porque, aunque la obra no es muy larga, de unos cuatro meses, hay que aprobar el proyecto. Hacer un an\u00e1lisis previo de las tierras, que eran de relleno, y alguna otra actuaci\u00f3n, como ensanchar el vial de Basozabal para que est\u00e9n esperando las autocaravanas\u201d.<\/p>\n<p>No es factible, ir construyendo el camping en fases. Tampoco se pueden realizar los trabajos para habilitar la cafeter\u00eda, en uno de los edificios de los viveros.<\/p>\n<p>En la capital de Guipuzcoana, la presencia de veh\u00edculos tur\u00edsticos es una realidad que va en aumento en los \u00faltimos a\u00f1os. Seg\u00fan datos del conjunto del Estado, la venta de este tipo de veh\u00edculos se increment\u00f3 un 347% en cinco a\u00f1os. Ello es evidente en las calles de Donostia.<\/p>\n<p>El parking para autocaravanas de Berio, tiene 44 plazas y se suele quedar peque\u00f1o. Por esta raz\u00f3n, los veh\u00edculos terminan aparcando en las inmediaciones. Esta situaci\u00f3n causa molestia a los ciudadanos que habitan en el vecindario. Por otra parte, las zonas espec\u00edficas de los campings de Igara e Igeldo tambi\u00e9n se llenan.<\/p>\n<p>En este sentido, urge la puesta en marcha del nuevo camping de Oriamendi. Est\u00e1 ubicada muy cerca del transporte p\u00fablico y ha recibido todos los parabienes institucionales.<\/p>\n<h2><span class=\"ez-toc-section\" id=\"Situacion_del_proyecto\"><\/span><strong>Situaci\u00f3n del proyecto<\/strong><span class=\"ez-toc-section-end\"><\/span><\/h2>\n<p>Debido a la falta de espacios de acampada para los turistas de autocaravanas, Azurza, tambi\u00e9n propietario de los viveros de flores de Oriamendi, dise\u00f1\u00f3 este proyecto empresarial, que consideraba necesario para la ciudad desde hace 5 a\u00f1os.<\/p>\n<ul>\n<li>Empez\u00f3 a gestarse hace cinco a\u00f1os y medio en los terrenos rurales que est\u00e1n junto a los viveros de flores de Oriamendi.<\/li>\n<li>La propuesta ya cuenta con informes favorables de la Comisi\u00f3n de Ordenaci\u00f3n del Territorio del Gobierno Vasco. Tiene una declaraci\u00f3n positiva medioambiental y adem\u00e1s, ha sido considerada de \u201cinter\u00e9s general\u201d por parte de la Diputaci\u00f3n.<\/li>\n<li>El terreno donde se asentar\u00e1 el camping de autocaravanas tiene 20.000 m<sup>2<\/sup>. Se contempla la creaci\u00f3n de 132 plazas, con todas las comodidades para los viajeros. Se proyecta, adem\u00e1s, tener cafeter\u00eda, zona de duchas y servicios.<\/li>\n<li>Se espera por la legislatura para arrancar<\/li>\n<\/ul>\n<blockquote><p><strong>Seleccione el mejor seguro de autocaravanas utilizando el mejor <a href=\"https:\/\/seguros-de-autocaravana.seguros-generales.es\/\" target=\"_blank\" rel=\"noopener\">comparador de seguros de autocaravanas<\/a> y proteja su inversi\u00f3n<\/strong><\/p><\/blockquote>\n","protected":false},"excerpt":{"rendered":"<p>El proyecto para crear un punto de autocaravanas en terrenos verdes de Oriamendi, no se ha terminado a\u00fan. La futura instalaci\u00f3n para autocaravanas est\u00e1 junto a los viveros de flores y ha sido considerado de \u201cinter\u00e9s p\u00fablico\u201d por parte de la Diputaci\u00f3n. Sin embargo, la nueva infraestructura para viajeros, a pesar de que han pasado [&hellip;]<\/p>\n","protected":false},"author":1,"featured_media":303,"comment_status":"open","ping_status":"open","sticky":false,"template":"","format":"standard","meta":{"_et_pb_use_builder":"","_et_pb_old_content":"","_et_gb_content_width":"","footnotes":""},"categories":[39],"tags":[116,93],"class_list":["post-302","post","type-post","status-publish","format-standard","has-post-thumbnail","hentry","category-autocaravanas","tag-punto-de-autocaravanas","tag-seguros-de-autocaravanas"],"_links":{"self":[{"href":"https:\/\/www.seguros-autocaravanas.es\/blog\/wp-json\/wp\/v2\/posts\/302","targetHints":{"allow":["GET"]}}],"collection":[{"href":"https:\/\/www.seguros-autocaravanas.es\/blog\/wp-json\/wp\/v2\/posts"}],"about":[{"href":"https:\/\/www.seguros-autocaravanas.es\/blog\/wp-json\/wp\/v2\/types\/post"}],"author":[{"embeddable":true,"href":"https:\/\/www.seguros-autocaravanas.es\/blog\/wp-json\/wp\/v2\/users\/1"}],"replies":[{"embeddable":true,"href":"https:\/\/www.seguros-autocaravanas.es\/blog\/wp-json\/wp\/v2\/comments?post=302"}],"version-history":[{"count":2,"href":"https:\/\/www.seguros-autocaravanas.es\/blog\/wp-json\/wp\/v2\/posts\/302\/revisions"}],"predecessor-version":[{"id":305,"href":"https:\/\/www.seguros-autocaravanas.es\/blog\/wp-json\/wp\/v2\/posts\/302\/revisions\/305"}],"wp:featuredmedia":[{"embeddable":true,"href":"https:\/\/www.seguros-autocaravanas.es\/blog\/wp-json\/wp\/v2\/media\/303"}],"wp:attachment":[{"href":"https:\/\/www.seguros-autocaravanas.es\/blog\/wp-json\/wp\/v2\/media?parent=302"}],"wp:term":[{"taxonomy":"category","embeddable":true,"href":"https:\/\/www.seguros-autocaravanas.es\/blog\/wp-json\/wp\/v2\/categories?post=302"},{"taxonomy":"post_tag","embeddable":true,"href":"https:\/\/www.seguros-autocaravanas.es\/blog\/wp-json\/wp\/v2\/tags?post=302"}],"curies":[{"name":"wp","href":"https:\/\/api.w.org\/{rel}","templated":true}]}}