{"id":543,"date":"2020-09-14T20:31:36","date_gmt":"2020-09-14T20:31:36","guid":{"rendered":"https:\/\/www.seguros-autocaravanas.es\/blog\/?p=543"},"modified":"2024-04-12T17:37:14","modified_gmt":"2024-04-12T17:37:14","slug":"las-mejores-areas-de-autocaravanas-en-asturias","status":"publish","type":"post","link":"https:\/\/www.seguros-autocaravanas.es\/blog\/las-mejores-areas-de-autocaravanas-en-asturias\/09\/2020\/","title":{"rendered":"Las mejores \u00e1reas de autocaravanas en Asturias"},"content":{"rendered":"<p><span style=\"font-weight: 400;\">Durante este verano, en Asturias se han habilitado muchas \u00e1reas destinadas a las autocaravanas que vienen llegando desde diversas partes de la regi\u00f3n.\u00a0<\/span><\/p>\n<p><span style=\"font-weight: 400;\">En las siguientes l\u00edneas se encuentra un resumen muy \u00fatil de las mejores \u00e1reas disponibles para escoger.<\/span><\/p>\n<div id=\"ez-toc-container\" class=\"ez-toc-v2_0_87 counter-hierarchy ez-toc-counter ez-toc-grey ez-toc-container-direction\">\n<div class=\"ez-toc-title-container\">\n<p class=\"ez-toc-title\" style=\"cursor:inherit\">Table of Contents<\/p>\n<span class=\"ez-toc-title-toggle\"><a href=\"#\" class=\"ez-toc-pull-right ez-toc-btn ez-toc-btn-xs ez-toc-btn-default ez-toc-toggle\" aria-label=\"Alternar tabla de contenidos\"><span class=\"ez-toc-js-icon-con\"><span class=\"\"><span class=\"eztoc-hide\" style=\"display:none;\">Toggle<\/span><span class=\"ez-toc-icon-toggle-span\"><svg style=\"fill: #999;color:#999\" xmlns=\"http:\/\/www.w3.org\/2000\/svg\" class=\"list-377408\" width=\"20px\" height=\"20px\" viewBox=\"0 0 24 24\" fill=\"none\"><path d=\"M6 6H4v2h2V6zm14 0H8v2h12V6zM4 11h2v2H4v-2zm16 0H8v2h12v-2zM4 16h2v2H4v-2zm16 0H8v2h12v-2z\" fill=\"currentColor\"><\/path><\/svg><svg style=\"fill: #999;color:#999\" class=\"arrow-unsorted-368013\" xmlns=\"http:\/\/www.w3.org\/2000\/svg\" width=\"10px\" height=\"10px\" viewBox=\"0 0 24 24\" version=\"1.2\" baseProfile=\"tiny\"><path d=\"M18.2 9.3l-6.2-6.3-6.2 6.3c-.2.2-.3.4-.3.7s.1.5.3.7c.2.2.4.3.7.3h11c.3 0 .5-.1.7-.3.2-.2.3-.5.3-.7s-.1-.5-.3-.7zM5.8 14.7l6.2 6.3 6.2-6.3c.2-.2.3-.5.3-.7s-.1-.5-.3-.7c-.2-.2-.4-.3-.7-.3h-11c-.3 0-.5.1-.7.3-.2.2-.3.5-.3.7s.1.5.3.7z\"\/><\/svg><\/span><\/span><\/span><\/a><\/span><\/div>\n<nav><ul class='ez-toc-list ez-toc-list-level-1 ' ><li class='ez-toc-page-1 ez-toc-heading-level-2'><a class=\"ez-toc-link ez-toc-heading-1\" href=\"https:\/\/www.seguros-autocaravanas.es\/blog\/las-mejores-areas-de-autocaravanas-en-asturias\/09\/2020\/#Municipio_Aviles\" >Municipio Avil\u00e9s<\/a><\/li><li class='ez-toc-page-1 ez-toc-heading-level-2'><a class=\"ez-toc-link ez-toc-heading-2\" href=\"https:\/\/www.seguros-autocaravanas.es\/blog\/las-mejores-areas-de-autocaravanas-en-asturias\/09\/2020\/#Municipio_Cangas_de_Onis\" >Municipio Cangas de On\u00eds<\/a><\/li><li class='ez-toc-page-1 ez-toc-heading-level-2'><a class=\"ez-toc-link ez-toc-heading-3\" href=\"https:\/\/www.seguros-autocaravanas.es\/blog\/las-mejores-areas-de-autocaravanas-en-asturias\/09\/2020\/#Municipio_Coana\" >Municipio Coa\u00f1a<\/a><\/li><li class='ez-toc-page-1 ez-toc-heading-level-2'><a class=\"ez-toc-link ez-toc-heading-4\" href=\"https:\/\/www.seguros-autocaravanas.es\/blog\/las-mejores-areas-de-autocaravanas-en-asturias\/09\/2020\/#Municipio_Laviana\" >Municipio Laviana<\/a><\/li><li class='ez-toc-page-1 ez-toc-heading-level-2'><a class=\"ez-toc-link ez-toc-heading-5\" href=\"https:\/\/www.seguros-autocaravanas.es\/blog\/las-mejores-areas-de-autocaravanas-en-asturias\/09\/2020\/#Municipio_Llanes\" >Municipio Llanes<\/a><\/li><li class='ez-toc-page-1 ez-toc-heading-level-2'><a class=\"ez-toc-link ez-toc-heading-6\" href=\"https:\/\/www.seguros-autocaravanas.es\/blog\/las-mejores-areas-de-autocaravanas-en-asturias\/09\/2020\/#Municipio_Nava\" >Municipio Nava<\/a><\/li><li class='ez-toc-page-1 ez-toc-heading-level-2'><a class=\"ez-toc-link ez-toc-heading-7\" href=\"https:\/\/www.seguros-autocaravanas.es\/blog\/las-mejores-areas-de-autocaravanas-en-asturias\/09\/2020\/#Municipio_Tapia_de_Casariego\" >Municipio Tapia de Casariego<\/a><\/li><li class='ez-toc-page-1 ez-toc-heading-level-2'><a class=\"ez-toc-link ez-toc-heading-8\" href=\"https:\/\/www.seguros-autocaravanas.es\/blog\/las-mejores-areas-de-autocaravanas-en-asturias\/09\/2020\/#Municipio_Panamellera_Baja\" >Municipio Pa\u00f1amellera Baja<\/a><\/li><\/ul><\/nav><\/div>\n<h2><span class=\"ez-toc-section\" id=\"Municipio_Aviles\"><\/span><span style=\"font-weight: 400;\">Municipio Avil\u00e9s<\/span><span class=\"ez-toc-section-end\"><\/span><\/h2>\n<p><span style=\"font-weight: 400;\">La localidad de Avil\u00e9s tiene una zona para autocaravanas cuyo acceso se encuentra frente al hospital San Agust\u00edn. Es un \u00e1rea de pago o privada. <\/span><b>Cuenta con los servicios de agua potable y vertido de aguas grises y negras<\/b><span style=\"font-weight: 400;\">.<\/span><\/p>\n<p><span style=\"font-weight: 400;\">Adem\u00e1s posee un total de siete plazas reservadas, y en las proximidades se puede encontrar una zona de p\u00edcnic, restaurante, parque infantil, supermercado y transporte p\u00fablico. Y la permanencia es de un m\u00e1ximo de 48 horas, que equivale a dos d\u00edas.<\/span><\/p>\n<div class='et-box et-shadow'>\n\t\t\t\t\t<div class='et-box-content'>Proteja su autocaravana contra robos e incidentes. Adquiera el mejor <a href=\"https:\/\/www.seguros-autocaravanas.es\"><strong>seguro de autocaravanas<\/strong><\/a><\/div><\/div>\n<h2><span class=\"ez-toc-section\" id=\"Municipio_Cangas_de_Onis\"><\/span><span style=\"font-weight: 400;\">Municipio Cangas de On\u00eds<\/span><span class=\"ez-toc-section-end\"><\/span><\/h2>\n<p><span style=\"font-weight: 400;\">La localidad que cuenta con el \u00e1rea para autocaravanas es El Ller\u00e1u y se accede desde la rotonda hacia Covadonga, justo despu\u00e9s del t\u00fanel. El parking se encuentra ubicado a la derecha. <\/span><b>Es un \u00e1rea de acceso gratuito y que cuenta con los servicios de agua potable, vertido de aguas grises y negras<\/b><span style=\"font-weight: 400;\">.<\/span><\/p>\n<p><span style=\"font-weight: 400;\">Las plazas reservadas para autocaravanas son cuatro y cuenta con un aparcamiento adicional. En las proximidades se pueden encontrar restaurantes, gasolineras y supermercados. La estancia permitida en esta \u00e1rea de 48 horas m\u00e1ximo.<\/span><\/p>\n<h2><span class=\"ez-toc-section\" id=\"Municipio_Coana\"><\/span><span style=\"font-weight: 400;\">Municipio Coa\u00f1a<\/span><span class=\"ez-toc-section-end\"><\/span><\/h2>\n<p><b>En la localidad de Ortiguera se ha montado un \u00e1rea para autocaravanas y cuyo acceso es a escasos metros de la playa de Arnelles<\/b><span style=\"font-weight: 400;\">. El ingreso es gratuito y los servicios disponibles son: agua potable, vertido de aguas grises y negras.<\/span><\/p>\n<p><span style=\"font-weight: 400;\">Existen dos plazas destinadas para las autocaravanas con aparcamiento adicional. Cerca del \u00e1rea existen algunos restaurantes y supermercados para buscar m\u00e1s provisiones. La estancia m\u00e1xima permitida es de 48 horas.<\/span><\/p>\n<h2><span class=\"ez-toc-section\" id=\"Municipio_Laviana\"><\/span><span style=\"font-weight: 400;\">Municipio Laviana<\/span><span class=\"ez-toc-section-end\"><\/span><\/h2>\n<p><span style=\"font-weight: 400;\">La localidad Pola de Laviana cuenta con un \u00e1rea destinadas a las autocaravanas. <\/span><b>En total cuenta con ocho plazas y que cuenta con los servicios de agua potable, vertido de aguas grises y negras<\/b><span style=\"font-weight: 400;\">. El acceso es p\u00fablico y la estancia permitida no supera las 48 horas.<\/span><\/p>\n<p><span style=\"font-weight: 400;\">Se puede acceder a esta zona desde el \u00e1rea deportiva junto a las piscinas y el campo de f\u00fatbol. En las proximidades se pueden conseguir zona de picnic, gasolineras, restaurantes, piscinas, supermercados y transporte p\u00fablico.\u00a0<\/span><\/p>\n<div class='et-box et-shadow'>\n\t\t\t\t\t<div class='et-box-content'>Revise ahora los mejores <a href=\"https:\/\/www.seguros-generales.es\/seguros-autocaravanas.html\" target=\"_blank\" rel=\"noopener\">seguros de autocaravanas<\/a> para que haga la mejor elecci\u00f3n del mercado para su autocaravana<\/div><\/div>\n<h2><span class=\"ez-toc-section\" id=\"Municipio_Llanes\"><\/span><span style=\"font-weight: 400;\">Municipio Llanes<\/span><span class=\"ez-toc-section-end\"><\/span><\/h2>\n<p><span style=\"font-weight: 400;\">En la localidad de Llanes, la zona para autocaravanas se ubica dentro del \u00e1rea municipal, exactamente frente al Tanatorio. Una extensi\u00f3n de terreno que <\/span><b>se puede disfrutar por solo 3 euros por d\u00eda<\/b><span style=\"font-weight: 400;\">, y que posee servicios de agua potable, vertido de aguas grises y negras.<\/span><\/p>\n<p><span style=\"font-weight: 400;\">Es una de las \u00e1reas m\u00e1s grandes, pudiendo albergar 19 plazas para autocaravanas y con una estancia m\u00e1xima de dos d\u00edas.<\/span><\/p>\n<h2><span class=\"ez-toc-section\" id=\"Municipio_Nava\"><\/span><span style=\"font-weight: 400;\">Municipio Nava<\/span><span class=\"ez-toc-section-end\"><\/span><\/h2>\n<p><span style=\"font-weight: 400;\">Este municipio, cuya localidad es Nava tiene un \u00e1rea para autocaravanas a la cual se accede en el \u00e1rea municipal justo frente a la zona deportiva, y el ingreso es p\u00fablico o gratuito.<\/span><\/p>\n<p><span style=\"font-weight: 400;\">Es un \u00e1rea que cuenta con seis plazas y posee servicios de agua potable, vertido de aguas grises y negras. <\/span><b>Se puede disfrutar el espacio por un m\u00e1ximo de 72 horas<\/b><span style=\"font-weight: 400;\">.<\/span><\/p>\n<p><span style=\"font-weight: 400;\">Es importante mencionar que en esta \u00e1rea n<\/span><b>o est\u00e1 permitido el despliegue de elementos para acampar<\/b><span style=\"font-weight: 400;\">. Por otra parte, para hacer compras hay que ir hasta unos 900 metros m\u00e1s adelante para ubicar tiendas y supermercados. Igualmente ocurre con el servicio de hosteler\u00eda.<\/span><\/p>\n<h2><span class=\"ez-toc-section\" id=\"Municipio_Tapia_de_Casariego\"><\/span><span style=\"font-weight: 400;\">Municipio Tapia de Casariego<\/span><span class=\"ez-toc-section-end\"><\/span><\/h2>\n<p><span style=\"font-weight: 400;\">La localidad de Tapia de Casariego dispone de un \u00e1rea que cubre 17 plazas para autocaravanas. <\/span><b>El acceso se encuentra muy pr\u00f3ximo a la playa de Anguileiro y es completamente gratuito<\/b><span style=\"font-weight: 400;\">.<\/span><\/p>\n<p><span style=\"font-weight: 400;\">La zona cuenta con los servicios de agua potable y el vertido de aguas grises y negras. Se permite una estancia m\u00e1xima de 72 horas y en los alrededores se puede disfrutar de gasolineras, restaurantes, supermercados y transporte p\u00fablico.<\/span><\/p>\n<div class='et-box et-shadow'>\n\t\t\t\t\t<div class='et-box-content'>Utilice siempre el mejor <a href=\"https:\/\/www.seguros-generales.es\/seguros-autocaravanas.html\" target=\"_blank\" rel=\"noopener\">comparador de seguros de autocaravanas<\/a> para encontrar y contratar el mejor seguro disponible en el mercado<\/div><\/div>\n<h2><span class=\"ez-toc-section\" id=\"Municipio_Panamellera_Baja\"><\/span><span style=\"font-weight: 400;\">Municipio Pa\u00f1amellera Baja<\/span><span class=\"ez-toc-section-end\"><\/span><\/h2>\n<p><b>Posee un \u00e1rea extensa para albergar hasta 20 autocaravanas y ofreciendo servicios de alumbrado, agua potable y saneamiento<\/b><span style=\"font-weight: 400;\">. La zona se encuentra ubicada en la localidad de Panes, y se accede desde la salida de Panes en direcci\u00f3n a los Picos de Europa y el Desfiladero de la Hermida. El ingreso es gratuito<\/span><\/p>\n<p><span style=\"font-weight: 400;\">Estas son las \u00e1reas de Asturias m\u00e1s buscadas por los turistas que optan por conocer la regi\u00f3n usando las autocaravanas.<\/span><\/p>\n","protected":false},"excerpt":{"rendered":"<p>Durante este verano, en Asturias se han habilitado muchas \u00e1reas destinadas a las autocaravanas que vienen llegando desde diversas partes de la regi\u00f3n.\u00a0 En las siguientes l\u00edneas se encuentra un resumen muy \u00fatil de las mejores \u00e1reas disponibles para escoger. Municipio Avil\u00e9s La localidad de Avil\u00e9s tiene una zona para autocaravanas cuyo acceso se encuentra [&hellip;]<\/p>\n","protected":false},"author":1,"featured_media":545,"comment_status":"open","ping_status":"open","sticky":false,"template":"","format":"standard","meta":{"_et_pb_use_builder":"","_et_pb_old_content":"","_et_gb_content_width":"","footnotes":""},"categories":[39],"tags":[522,230],"class_list":["post-543","post","type-post","status-publish","format-standard","has-post-thumbnail","hentry","category-autocaravanas","tag-areas-de-autocaravanas","tag-asturias"],"_links":{"self":[{"href":"https:\/\/www.seguros-autocaravanas.es\/blog\/wp-json\/wp\/v2\/posts\/543","targetHints":{"allow":["GET"]}}],"collection":[{"href":"https:\/\/www.seguros-autocaravanas.es\/blog\/wp-json\/wp\/v2\/posts"}],"about":[{"href":"https:\/\/www.seguros-autocaravanas.es\/blog\/wp-json\/wp\/v2\/types\/post"}],"author":[{"embeddable":true,"href":"https:\/\/www.seguros-autocaravanas.es\/blog\/wp-json\/wp\/v2\/users\/1"}],"replies":[{"embeddable":true,"href":"https:\/\/www.seguros-autocaravanas.es\/blog\/wp-json\/wp\/v2\/comments?post=543"}],"version-history":[{"count":2,"href":"https:\/\/www.seguros-autocaravanas.es\/blog\/wp-json\/wp\/v2\/posts\/543\/revisions"}],"predecessor-version":[{"id":546,"href":"https:\/\/www.seguros-autocaravanas.es\/blog\/wp-json\/wp\/v2\/posts\/543\/revisions\/546"}],"wp:featuredmedia":[{"embeddable":true,"href":"https:\/\/www.seguros-autocaravanas.es\/blog\/wp-json\/wp\/v2\/media\/545"}],"wp:attachment":[{"href":"https:\/\/www.seguros-autocaravanas.es\/blog\/wp-json\/wp\/v2\/media?parent=543"}],"wp:term":[{"taxonomy":"category","embeddable":true,"href":"https:\/\/www.seguros-autocaravanas.es\/blog\/wp-json\/wp\/v2\/categories?post=543"},{"taxonomy":"post_tag","embeddable":true,"href":"https:\/\/www.seguros-autocaravanas.es\/blog\/wp-json\/wp\/v2\/tags?post=543"}],"curies":[{"name":"wp","href":"https:\/\/api.w.org\/{rel}","templated":true}]}}