{"id":560,"date":"2020-10-12T19:38:31","date_gmt":"2020-10-12T19:38:31","guid":{"rendered":"https:\/\/www.seguros-autocaravanas.es\/blog\/?p=560"},"modified":"2024-04-12T17:35:38","modified_gmt":"2024-04-12T17:35:38","slug":"alquiler-de-autocaravanas-aumenta-35-en-2020","status":"publish","type":"post","link":"https:\/\/www.seguros-autocaravanas.es\/blog\/alquiler-de-autocaravanas-aumenta-35-en-2020\/10\/2020\/","title":{"rendered":"Alquiler de autocaravanas aumenta 35% en 2020"},"content":{"rendered":"<p>Los espa\u00f1oles vuelven a disfrutar de las vacaciones de verano. Pero no se esperaba que las vacaciones itinerantes se desplegaran y crecieran significativamente. En consecuencia, el <b>alquiler de autocaravanas aumenta 35% en 2020.<\/b><\/p>\n<p>Este elevado porcentaje se expresa en el informe realizado por Yescapa, donde se analiza el turismo en Espa\u00f1a, los h\u00e1bitos de viaje y la Covid-19. Y los resultados resaltan que la demanda de alquiler de autocaravanas aument\u00f3 este a\u00f1o, hasta la fecha en un 35%, a pesar de la crisis sanitaria y su impacto en la econom\u00eda espa\u00f1ola.<\/p>\n<div class='et-box et-shadow'>\n\t\t\t\t\t<div class='et-box-content'>Utilice siempre el mejor <a href=\"https:\/\/www.seguros-generales.es\/seguros-autocaravanas.html\" target=\"_blank\" rel=\"noopener\">comparador de seguros de autocaravanas<\/a> para encontrar y contratar el mejor seguro disponible en el mercado<\/div><\/div>\n<p>Los espa\u00f1oles se avocaron a realizar turismo nacional, con preferencia hacia las regiones del interior. Y especialmente viajes en autocaravana para disfrutar nuevamente del aire libre, los hermosos paisajes de Espa\u00f1a y mantener de alg\u00fan modo el distanciamiento social.<\/p>\n<p>El alquiler de autocaravanas se ha manejado como la mejor opci\u00f3n para los propietarios, de disponer de una fuente complementaria de ingreso a sus hogares. Asimismo, los peque\u00f1os aut\u00f3nomos han comenzado a utilizar la plataforma Yescapa, para expandir su negocio y darse a conocer por los usuarios de estos veh\u00edculos.<\/p>\n<div id=\"ez-toc-container\" class=\"ez-toc-v2_0_82_2 counter-hierarchy ez-toc-counter ez-toc-grey ez-toc-container-direction\">\n<div class=\"ez-toc-title-container\">\n<p class=\"ez-toc-title\" style=\"cursor:inherit\">Table of Contents<\/p>\n<span class=\"ez-toc-title-toggle\"><a href=\"#\" class=\"ez-toc-pull-right ez-toc-btn ez-toc-btn-xs ez-toc-btn-default ez-toc-toggle\" aria-label=\"Alternar tabla de contenidos\"><span class=\"ez-toc-js-icon-con\"><span class=\"\"><span class=\"eztoc-hide\" style=\"display:none;\">Toggle<\/span><span class=\"ez-toc-icon-toggle-span\"><svg style=\"fill: #999;color:#999\" xmlns=\"http:\/\/www.w3.org\/2000\/svg\" class=\"list-377408\" width=\"20px\" height=\"20px\" viewBox=\"0 0 24 24\" fill=\"none\"><path d=\"M6 6H4v2h2V6zm14 0H8v2h12V6zM4 11h2v2H4v-2zm16 0H8v2h12v-2zM4 16h2v2H4v-2zm16 0H8v2h12v-2z\" fill=\"currentColor\"><\/path><\/svg><svg style=\"fill: #999;color:#999\" class=\"arrow-unsorted-368013\" xmlns=\"http:\/\/www.w3.org\/2000\/svg\" width=\"10px\" height=\"10px\" viewBox=\"0 0 24 24\" version=\"1.2\" baseProfile=\"tiny\"><path d=\"M18.2 9.3l-6.2-6.3-6.2 6.3c-.2.2-.3.4-.3.7s.1.5.3.7c.2.2.4.3.7.3h11c.3 0 .5-.1.7-.3.2-.2.3-.5.3-.7s-.1-.5-.3-.7zM5.8 14.7l6.2 6.3 6.2-6.3c.2-.2.3-.5.3-.7s-.1-.5-.3-.7c-.2-.2-.4-.3-.7-.3h-11c-.3 0-.5.1-.7.3-.2.2-.3.5-.3.7s.1.5.3.7z\"\/><\/svg><\/span><\/span><\/span><\/a><\/span><\/div>\n<nav><ul class='ez-toc-list ez-toc-list-level-1 ' ><li class='ez-toc-page-1 ez-toc-heading-level-2'><a class=\"ez-toc-link ez-toc-heading-1\" href=\"https:\/\/www.seguros-autocaravanas.es\/blog\/alquiler-de-autocaravanas-aumenta-35-en-2020\/10\/2020\/#Las_cifras_que_maneja_Yescapa\" >Las cifras que maneja Yescapa<\/a><ul class='ez-toc-list-level-3' ><li class='ez-toc-heading-level-3'><a class=\"ez-toc-link ez-toc-heading-2\" href=\"https:\/\/www.seguros-autocaravanas.es\/blog\/alquiler-de-autocaravanas-aumenta-35-en-2020\/10\/2020\/#Algo_mas_sobre_Yescapa\" >Algo m\u00e1s sobre Yescapa<\/a><\/li><\/ul><\/li><\/ul><\/nav><\/div>\n<h2><span class=\"ez-toc-section\" id=\"Las_cifras_que_maneja_Yescapa\"><\/span>Las cifras que maneja Yescapa<span class=\"ez-toc-section-end\"><\/span><\/h2>\n<p>En este contexto, la plataforma l\u00edder en Europa, de alquiler de autocaravanas y furgonetas camper present\u00f3 los resultados del an\u00e1lisis realizado. Yescapa presenta las altas cifras sobre solicitudes de reserva de alquiler, a pesar del impacto de la pandemia ocasionada por la COVID-19.<\/p>\n<p>El incremento del alquiler es un r\u00e9cord, a pesar de las estrictas medidas de confinamiento en Espa\u00f1a. Lo cual <b>increment\u00f3 la media de alquiler en toda Europa a un 48%,<\/b> donde las medidas fueron menos estrictas.<\/p>\n<p>Tambi\u00e9n se\u00f1ala entre sus datos, que las familias que prefieren este tipo de turismo en autocaravanas aumentaron. Representando un 42% del total de viajeros. Mientras los viajes en pareja se ubican en un 39%.<\/p>\n<p>Por otra parte, las edades de los amantes del turismo en autocaravanas en Espa\u00f1a, se ubica <b>en j\u00f3venes entre 26 y 36 a\u00f1os de edad<\/b>, los cuales realizaron el <b>40% de las reservas<\/b> de alquiler. Mientras que, en el resto de Europa, la media de reservas es del 30% y fue hecha por personas con edades entre 37 y 45 a\u00f1os, representando el 49% del total.<\/p>\n<p>Otro de los factores analizados en el informe de la plataforma, es el gasto realizado por los viajeros y la duraci\u00f3n de las vacaciones. Resalta que, a pesar del impacto de la crisis en la econom\u00eda familiar, el alquiler de los veh\u00edculos se hace por 7 d\u00edas o algo m\u00e1s. Y los gastos de viaje se mantienen con un promedio de <b>900\u20ac,<\/b> igual que a\u00f1os anteriores.<\/p>\n<div class='et-box et-shadow'>\n\t\t\t\t\t<div class='et-box-content'>Revise ahora los mejores <a href=\"https:\/\/www.seguros-generales.es\/seguros-autocaravanas.html\" target=\"_blank\" rel=\"noopener\">seguros de autocaravanas<\/a> para que haga la mejor elecci\u00f3n del mercado para su autocaravana<\/div><\/div>\n<p>Las variaciones tampoco se pudieron observar en el tipo de veh\u00edculo alquilado. Manteni\u00e9ndose la preferencia por las capuchinas en un 28% de veh\u00edculos alquilados y las autocaravanas perfiladas y las furgonetas camper en un 22% respectivamente.<\/p>\n<p>De acuerdo a las cifras que maneja Yescapa, el mayor porcentaje de turistas se decidi\u00f3 por viajar dentro del pa\u00eds. Solo el 9% se fue por la opci\u00f3n de hacer turismo fuera de Espa\u00f1a. Con preferencia de lugar de destino Portugal hacia la zona del Algarve, y otro poco a Francia.<\/p>\n<p>El resto de viajeros, representado por el <b>91% de espa\u00f1oles se decidi\u00f3 por viajar a Andaluc\u00eda y Catalu\u00f1a <\/b>preferiblemente. Y muchos autocaravanistas tambi\u00e9n decidieron hacer turismo hacia las islas Baleares.<\/p>\n<h3><span class=\"ez-toc-section\" id=\"Algo_mas_sobre_Yescapa\"><\/span>Algo m\u00e1s sobre Yescapa<span class=\"ez-toc-section-end\"><\/span><\/h3>\n<p>Esta plataforma brinda al usuario la posibilidad de hacer contacto directo con los propietarios de autocaravanas y furgonetas. Bien sea particulares o peque\u00f1os aut\u00f3nomos dedicados al alquiler de este tipo de veh\u00edculos. Los amantes de los viajes en autocaravanas podr\u00e1n disfrutar de viajes de fin de semana o m\u00e1s por mayor tiempo para hacer turismo.<\/p>\n<p>Yescapa es una plataforma que brinda servicio para viajeros nacionales o internacionales. As\u00ed lo demuestra la consolidaci\u00f3n de la actividad que realiza en los diferentes mercados internacionales, como por ejemplo la inauguraci\u00f3n reciente de sus servicios en B\u00e9lgica. Lo cual lo reafirma como l\u00edder en Europa en el alquiler de autocaravanas y furgonetas camper.<\/p>\n<p>Disfrute nuevamente de unas agradables y confortantes vacaciones por el territorio nacional u otras regiones de Europa. Haciendo turismo en estos veh\u00edculos de ocio, especiales para viajar en familia y disfrutar de la naturaleza y la libertad.<\/p>\n<div class='et-box et-shadow'>\n\t\t\t\t\t<div class='et-box-content'>Proteja su autocaravana contra robos e incidentes. Adquiera el mejor <a href=\"https:\/\/www.seguros-autocaravanas.es\"><strong>seguro de autocaravanas<\/strong><\/a><\/div><\/div>\n","protected":false},"excerpt":{"rendered":"<p>Los espa\u00f1oles vuelven a disfrutar de las vacaciones de verano. Pero no se esperaba que las vacaciones itinerantes se desplegaran y crecieran significativamente. En consecuencia, el alquiler de autocaravanas aumenta 35% en 2020. Este elevado porcentaje se expresa en el informe realizado por Yescapa, donde se analiza el turismo en Espa\u00f1a, los h\u00e1bitos de viaje [&hellip;]<\/p>\n","protected":false},"author":1,"featured_media":561,"comment_status":"open","ping_status":"open","sticky":false,"template":"","format":"standard","meta":{"_et_pb_use_builder":"","_et_pb_old_content":"","_et_gb_content_width":"","footnotes":""},"categories":[39],"tags":[525],"class_list":["post-560","post","type-post","status-publish","format-standard","has-post-thumbnail","hentry","category-autocaravanas","tag-alquilar-autocaravanas"],"_links":{"self":[{"href":"https:\/\/www.seguros-autocaravanas.es\/blog\/wp-json\/wp\/v2\/posts\/560","targetHints":{"allow":["GET"]}}],"collection":[{"href":"https:\/\/www.seguros-autocaravanas.es\/blog\/wp-json\/wp\/v2\/posts"}],"about":[{"href":"https:\/\/www.seguros-autocaravanas.es\/blog\/wp-json\/wp\/v2\/types\/post"}],"author":[{"embeddable":true,"href":"https:\/\/www.seguros-autocaravanas.es\/blog\/wp-json\/wp\/v2\/users\/1"}],"replies":[{"embeddable":true,"href":"https:\/\/www.seguros-autocaravanas.es\/blog\/wp-json\/wp\/v2\/comments?post=560"}],"version-history":[{"count":1,"href":"https:\/\/www.seguros-autocaravanas.es\/blog\/wp-json\/wp\/v2\/posts\/560\/revisions"}],"predecessor-version":[{"id":562,"href":"https:\/\/www.seguros-autocaravanas.es\/blog\/wp-json\/wp\/v2\/posts\/560\/revisions\/562"}],"wp:featuredmedia":[{"embeddable":true,"href":"https:\/\/www.seguros-autocaravanas.es\/blog\/wp-json\/wp\/v2\/media\/561"}],"wp:attachment":[{"href":"https:\/\/www.seguros-autocaravanas.es\/blog\/wp-json\/wp\/v2\/media?parent=560"}],"wp:term":[{"taxonomy":"category","embeddable":true,"href":"https:\/\/www.seguros-autocaravanas.es\/blog\/wp-json\/wp\/v2\/categories?post=560"},{"taxonomy":"post_tag","embeddable":true,"href":"https:\/\/www.seguros-autocaravanas.es\/blog\/wp-json\/wp\/v2\/tags?post=560"}],"curies":[{"name":"wp","href":"https:\/\/api.w.org\/{rel}","templated":true}]}}