{"id":922,"date":"2023-09-01T00:34:32","date_gmt":"2023-09-01T00:34:32","guid":{"rendered":"https:\/\/www.seguros-autocaravanas.es\/blog\/?p=922"},"modified":"2023-09-01T00:34:32","modified_gmt":"2023-09-01T00:34:32","slug":"vuelo-alicante-lluvias","status":"publish","type":"post","link":"https:\/\/www.seguros-autocaravanas.es\/blog\/vuelo-alicante-lluvias\/09\/2023\/","title":{"rendered":"Vuelo Alicante a Mallorca causa p\u00e1nico entre pasajeros"},"content":{"rendered":"<p>El p\u00e1nico se apoder\u00f3 de los pasajeros que iban en un vuelo Alicante Mallorca debido al impredecible clima que tom\u00f3 por sorpresa al piloto. Minutos de tensi\u00f3n y miedo extremo vivieron los pasajeros mientras <strong>el avi\u00f3n atravesaba una gran congesti\u00f3n clim\u00e1tica. <\/strong><\/p>\n<p>Rostros p\u00e1lidos, plegarias en silencio e incluso algunos gritos fue parte de lo que vivi\u00f3 la tripulaci\u00f3n del vuelo Alicante Mallorca debido a la intensa situaci\u00f3n que se vivi\u00f3. Y lo que parec\u00eda pintar fatal para los pasajeros, logr\u00f3 tener un mejor resultado.<\/p>\n<p>Inicialmente <strong>el piloto realiz\u00f3 dos vueltas para intentar atravesar la precipitaci\u00f3n<\/strong> que yac\u00eda a su paso, pero mientras intentaba esto el avi\u00f3n era sacudido por turbulencias. Tras ver que sus intentos no estaban teniendo \u00e9xito, decidi\u00f3 regresar a Alicante para prevenir da\u00f1os mayores.<\/p>\n<table>\n<tbody>\n<tr>\n<td width=\"566\"><strong>Noticias en Tendencia: <\/strong><a title=\"Seguro obligatorio de perros\" href=\"https:\/\/noticias.seguros-generales.es\/2023\/08\/31\/seguro-obligatorio-de-perros\/\" target=\"_blank\" rel=\"noopener\"><strong>Seguro obligatorio de perros vigente desde 29 de Septiembre<\/strong><\/a><\/td>\n<\/tr>\n<\/tbody>\n<\/table>\n<p>Tomar la decisi\u00f3n de regresar al aeropuerto y no continuar el vuelo hacia su destino, puede ser dif\u00edcil, pero en muchos casos es lo mejor.<\/p>\n<p>Es por esto que <strong>la mayor\u00eda de los pasajeros elogiaron la decisi\u00f3n del piloto<\/strong>, quien mantuvo la calma y el profesionalismo y logr\u00f3 llevarlos a salvo a tierra firme.<\/p>\n<div id=\"ez-toc-container\" class=\"ez-toc-v2_0_82_2 counter-hierarchy ez-toc-counter ez-toc-grey ez-toc-container-direction\">\n<div class=\"ez-toc-title-container\">\n<p class=\"ez-toc-title\" style=\"cursor:inherit\">Table of Contents<\/p>\n<span class=\"ez-toc-title-toggle\"><a href=\"#\" class=\"ez-toc-pull-right ez-toc-btn ez-toc-btn-xs ez-toc-btn-default ez-toc-toggle\" aria-label=\"Alternar tabla de contenidos\"><span class=\"ez-toc-js-icon-con\"><span class=\"\"><span class=\"eztoc-hide\" style=\"display:none;\">Toggle<\/span><span class=\"ez-toc-icon-toggle-span\"><svg style=\"fill: #999;color:#999\" xmlns=\"http:\/\/www.w3.org\/2000\/svg\" class=\"list-377408\" width=\"20px\" height=\"20px\" viewBox=\"0 0 24 24\" fill=\"none\"><path d=\"M6 6H4v2h2V6zm14 0H8v2h12V6zM4 11h2v2H4v-2zm16 0H8v2h12v-2zM4 16h2v2H4v-2zm16 0H8v2h12v-2z\" fill=\"currentColor\"><\/path><\/svg><svg style=\"fill: #999;color:#999\" class=\"arrow-unsorted-368013\" xmlns=\"http:\/\/www.w3.org\/2000\/svg\" width=\"10px\" height=\"10px\" viewBox=\"0 0 24 24\" version=\"1.2\" baseProfile=\"tiny\"><path d=\"M18.2 9.3l-6.2-6.3-6.2 6.3c-.2.2-.3.4-.3.7s.1.5.3.7c.2.2.4.3.7.3h11c.3 0 .5-.1.7-.3.2-.2.3-.5.3-.7s-.1-.5-.3-.7zM5.8 14.7l6.2 6.3 6.2-6.3c.2-.2.3-.5.3-.7s-.1-.5-.3-.7c-.2-.2-.4-.3-.7-.3h-11c-.3 0-.5.1-.7.3-.2.2-.3.5-.3.7s.1.5.3.7z\"\/><\/svg><\/span><\/span><\/span><\/a><\/span><\/div>\n<nav><ul class='ez-toc-list ez-toc-list-level-1 ' ><li class='ez-toc-page-1 ez-toc-heading-level-2'><a class=\"ez-toc-link ez-toc-heading-1\" href=\"https:\/\/www.seguros-autocaravanas.es\/blog\/vuelo-alicante-lluvias\/09\/2023\/#Temor_oraciones_y_algunos_gritos_en_vuelo_Alicante-Mallorca\" >Temor, oraciones y algunos gritos en vuelo Alicante-Mallorca<\/a><\/li><li class='ez-toc-page-1 ez-toc-heading-level-2'><a class=\"ez-toc-link ez-toc-heading-2\" href=\"https:\/\/www.seguros-autocaravanas.es\/blog\/vuelo-alicante-lluvias\/09\/2023\/#El_clima_en_Mallorca_ha_dado_de_que_hablar_en_los_ultimos_dias\" >El clima en Mallorca ha dado de qu\u00e9 hablar en los \u00faltimos d\u00edas<\/a><\/li><li class='ez-toc-page-1 ez-toc-heading-level-2'><a class=\"ez-toc-link ez-toc-heading-3\" href=\"https:\/\/www.seguros-autocaravanas.es\/blog\/vuelo-alicante-lluvias\/09\/2023\/#%C2%BFQue_es_una_Borrasca_en_clima\" >\u00bfQu\u00e9 es una Borrasca en clima?<\/a><\/li><li class='ez-toc-page-1 ez-toc-heading-level-2'><a class=\"ez-toc-link ez-toc-heading-4\" href=\"https:\/\/www.seguros-autocaravanas.es\/blog\/vuelo-alicante-lluvias\/09\/2023\/#%C2%BFQue_consecuencias_traen_las_lluvias_fuertes_en_la_aviacion\" >\u00bfQu\u00e9 consecuencias traen las lluvias fuertes en la aviaci\u00f3n?<\/a><\/li><\/ul><\/nav><\/div>\n<h2><span class=\"ez-toc-section\" id=\"Temor_oraciones_y_algunos_gritos_en_vuelo_Alicante-Mallorca\"><\/span><strong>Temor, oraciones y algunos gritos en vuelo Alicante-Mallorca<\/strong><span class=\"ez-toc-section-end\"><\/span><\/h2>\n<p>En redes sociales algunos pasajeros lograron capturar en video lo que vivieron debido a las precipitaciones que afectaron al vuelo, las sacudidas eran tan fuertes que incluso deb\u00edan agarrarse con fuerza a sus asientos.<\/p>\n<p>Rostros de aut\u00e9ntico terror, gritos e incluso algunos v\u00f3mitos fue parte de la reacci\u00f3n que tuvieron algunos de los pasajeros. Y es que, muchos <strong>pensaron que realmente el avi\u00f3n terminar\u00eda sucumbiendo al desafiante clima<\/strong> y que se iba a producir un accidente.<\/p>\n<p><strong>La decisi\u00f3n del piloto de retornar a Alicante fue bien recibida<\/strong> por la mayor\u00eda de los pasajeros, quienes felicitaron su fortaleza, valent\u00eda y la capacidad que tuvo de manejar la situaci\u00f3n con gran profesionalismo y compromiso.<\/p>\n<p>En las redes sociales cientos de mensajes de agradecimiento se extendieron hacia el piloto quien incluso lleg\u00f3 a disculparse por la tripulaci\u00f3n por lo que hab\u00eda ocurrido.<\/p>\n<p>Muchos consideraron que no deb\u00eda pedir perd\u00f3n, porque es una muestra de que <strong>el clima y la naturaleza en general pueden causar muchas sorpresas. <\/strong><\/p>\n<p>Y que de hecho, el piloto hizo frente a la situaci\u00f3n lo mejor que pudo, y que gracias a su gran trabajo fue posible prevenir una gran tragedia a\u00e9rea<\/p>\n<table>\n<tbody>\n<tr>\n<td width=\"566\"><strong>Post en tendencia: <a title=\"Park4night Camper Van\" href=\"https:\/\/www.seguros-autocaravanas.es\/blog\/park4night-camper-van\/08\/2023\/\">Park4night Camper Van, \u00bfEs la mejor App para viajar?<\/a><\/strong><\/td>\n<\/tr>\n<\/tbody>\n<\/table>\n<h2><span class=\"ez-toc-section\" id=\"El_clima_en_Mallorca_ha_dado_de_que_hablar_en_los_ultimos_dias\"><\/span><strong>El clima en Mallorca ha dado de qu\u00e9 hablar en los \u00faltimos d\u00edas<\/strong><span class=\"ez-toc-section-end\"><\/span><\/h2>\n<p>El vuelo Alicante Mallorca es solo uno de los tantos sucesos que han sido promovidos por el mal clima en esta regi\u00f3n. El temporal en Mallorca ha sido uno de los temas m\u00e1s expuestos en los \u00faltimos d\u00edas. Y es que, Agosto cerr\u00f3 con un sinf\u00edn de lluvias y vientos muy fuertes.<\/p>\n<p>En Mallorca <strong>se reportaron cientos de incidencias debido a una fuerte precipitaci\u00f3n<\/strong> que caus\u00f3 varios da\u00f1os. Incluso en las costas algunos ba\u00f1istas fueron sorprendidos por el aumento del oleaje y por una lluvia muy fuerte.<\/p>\n<table>\n<tbody>\n<tr>\n<td width=\"566\">\n<p style=\"text-align: center;\"><strong>Dato de inter\u00e9s: <\/strong>\u00bfSab\u00edas qu\u00e9 el <strong><a title=\"comparador de seguros de autocaravanas\" href=\"https:\/\/www.seguros-generales.es\/seguros-autocaravanas.html\" target=\"_blank\" rel=\"noopener\">comparador de seguros de autocaravanas<\/a><\/strong> ayuda a verificar cu\u00e1l es la mejor p\u00f3liza para tu veh\u00edculo?<\/p>\n<\/td>\n<\/tr>\n<\/tbody>\n<\/table>\n<p>Los especialistas en meteorolog\u00eda hab\u00edan sugerido previamente de la llegada de la Borrasca Betty, un fen\u00f3meno que afectar\u00e1 a varias regiones de Espa\u00f1a con lluvias y descensos en la temperatura.<\/p>\n<h2><span class=\"ez-toc-section\" id=\"%C2%BFQue_es_una_Borrasca_en_clima\"><\/span><strong>\u00bfQu\u00e9 es una Borrasca en clima?<\/strong><span class=\"ez-toc-section-end\"><\/span><\/h2>\n<p>Las borrascas son regiones de bajas presiones que pueden provocar mal tiempo, como lluvias, vientos fuertes y, en algunas ocasiones, tormentas. En Europa, algunas borrascas importantes reciben nombres para facilitar su identificaci\u00f3n y seguimiento en los medios y entre la poblaci\u00f3n.<\/p>\n<p>Los efectos clim\u00e1ticos de una borrasca en Espa\u00f1a depender\u00edan de varios factores, como su intensidad, trayectoria y la \u00e9poca del a\u00f1o. Generalmente, una borrasca puede traer:<\/p>\n<ul>\n<li><strong>Lluvias Intensas:<\/strong> En zonas donde la borrasca tiene mayor influencia, se pueden registrar precipitaciones significativas que pueden provocar inundaciones locales.<\/li>\n<li><strong>Vientos Fuertes:<\/strong> Los sistemas de baja presi\u00f3n suelen ir acompa\u00f1ados de vientos intensos que pueden causar da\u00f1os en infraestructuras y aumentar el riesgo de ca\u00edda de \u00e1rboles o estructuras mal aseguradas.<\/li>\n<li><strong>Descenso de Temperaturas:<\/strong> Las borrascas a menudo arrastran aire fr\u00edo, lo que puede provocar un descenso en las temperaturas.<\/li>\n<li><strong>Olas Altas:<\/strong> En zonas costeras, la acci\u00f3n del viento puede generar olas significativas, lo que aumenta el riesgo de inundaciones costeras o da\u00f1os en infraestructuras mar\u00edtimas.<\/li>\n<\/ul>\n<p>Para obtener informaci\u00f3n actualizada sobre la \u00abBorrasca Betty\u00bb o cualquier otro fen\u00f3meno meteorol\u00f3gico, lo ideal es consultar fuentes meteorol\u00f3gicas actualizadas, como la Agencia Estatal de Meteorolog\u00eda (AEMET) en Espa\u00f1a.<\/p>\n<p><img loading=\"lazy\" decoding=\"async\" class=\"aligncenter wp-image-924 size-full\" title=\"Vuelo Alicante a Mallorca \" src=\"https:\/\/www.seguros-autocaravanas.es\/blog\/wp-content\/uploads\/2023\/09\/TORMENTA.jpg\" alt=\"Vuelo Alicante a Mallorca \" width=\"855\" height=\"571\" srcset=\"https:\/\/www.seguros-autocaravanas.es\/blog\/wp-content\/uploads\/2023\/09\/TORMENTA.jpg 855w, https:\/\/www.seguros-autocaravanas.es\/blog\/wp-content\/uploads\/2023\/09\/TORMENTA-480x321.jpg 480w\" sizes=\"(min-width: 0px) and (max-width: 480px) 480px, (min-width: 481px) 855px, 100vw\" \/><\/p>\n<h2><span class=\"ez-toc-section\" id=\"%C2%BFQue_consecuencias_traen_las_lluvias_fuertes_en_la_aviacion\"><\/span><strong>\u00bfQu\u00e9 consecuencias traen las lluvias fuertes en la aviaci\u00f3n?<\/strong><span class=\"ez-toc-section-end\"><\/span><\/h2>\n<p>Despu\u00e9s de los sucesos relacionados con el <strong>vuelo Alicante a Mallorca<\/strong>, muchas personas se han interesado por conocer qu\u00e9 supone volar cuando hay un clima desafiante o fuertes lluvias.<\/p>\n<p><strong>Las fuertes lluvias pueden presentar varios desaf\u00edos y riesgos para la aviaci\u00f3n<\/strong>. Aunque los aviones modernos est\u00e1n dise\u00f1ados para operar en condiciones meteorol\u00f3gicas adversas, incluidas lluvias intensas, es vital que las tripulaciones y las aerol\u00edneas est\u00e9n alerta y tomen precauciones.<\/p>\n<p><strong>A continuaci\u00f3n, se presentan algunos de los riesgos asociados con las fuertes lluvias en la aviaci\u00f3n:<\/strong><\/p>\n<ol>\n<li><strong>Visibilidad reducida:<\/strong> Una de las preocupaciones m\u00e1s inmediatas de la lluvia intensa es que puede reducir dr\u00e1sticamente la visibilidad. Esto puede complicar las operaciones de aterrizaje y despegue, especialmente si la lluvia se combina con otros fen\u00f3menos como la niebla.<\/li>\n<li><strong>Hidroplaneo:<\/strong> Al igual que los veh\u00edculos en carretera, los aviones corren el riesgo de hidroplanear en pistas mojadas. El hidroplaneo ocurre cuando una capa de agua se interpone entre las ruedas del avi\u00f3n y la pista, lo que puede reducir la tracci\u00f3n y hacer que el avi\u00f3n no responda como deber\u00eda durante el aterrizaje o el despegue.<\/li>\n<li><strong>Turbulencia:<\/strong> Las fuertes lluvias a menudo est\u00e1n asociadas con tormentas, que pueden causar turbulencia severa. Estas condiciones turbulentas no solo pueden ser inc\u00f3modas para los pasajeros, sino tambi\u00e9n potencialmente peligrosas si no se manejan adecuadamente.<\/li>\n<li><strong>Impacto en sistemas de avi\u00f3nica:<\/strong> Aunque los aviones est\u00e1n dise\u00f1ados para ser resistentes al agua, las fuertes lluvias, especialmente cuando se combinan con tormentas, pueden tener un impacto en los sistemas de avi\u00f3nica y otros componentes electr\u00f3nicos.<\/li>\n<\/ol>\n","protected":false},"excerpt":{"rendered":"<p>El p\u00e1nico se apoder\u00f3 de los pasajeros que iban en un vuelo Alicante Mallorca debido al impredecible clima que tom\u00f3 por sorpresa al piloto. Minutos de tensi\u00f3n y miedo extremo vivieron los pasajeros mientras el avi\u00f3n atravesaba una gran congesti\u00f3n clim\u00e1tica. Rostros p\u00e1lidos, plegarias en silencio e incluso algunos gritos fue parte de lo que [&hellip;]<\/p>\n","protected":false},"author":4,"featured_media":923,"comment_status":"open","ping_status":"open","sticky":false,"template":"","format":"standard","meta":{"_et_pb_use_builder":"","_et_pb_old_content":"","_et_gb_content_width":"","footnotes":""},"categories":[208],"tags":[756,755,757,753,754],"class_list":["post-922","post","type-post","status-publish","format-standard","has-post-thumbnail","hentry","category-noticias","tag-cancelado-vuelo-a-alicante-por-lluvias","tag-noticia-del-vuelo-alicante-a-mallorca","tag-temporal-mallorca","tag-vuelo-alicante-a-mallorca","tag-vuelo-alicante-a-mallorca-turbulencia"],"_links":{"self":[{"href":"https:\/\/www.seguros-autocaravanas.es\/blog\/wp-json\/wp\/v2\/posts\/922","targetHints":{"allow":["GET"]}}],"collection":[{"href":"https:\/\/www.seguros-autocaravanas.es\/blog\/wp-json\/wp\/v2\/posts"}],"about":[{"href":"https:\/\/www.seguros-autocaravanas.es\/blog\/wp-json\/wp\/v2\/types\/post"}],"author":[{"embeddable":true,"href":"https:\/\/www.seguros-autocaravanas.es\/blog\/wp-json\/wp\/v2\/users\/4"}],"replies":[{"embeddable":true,"href":"https:\/\/www.seguros-autocaravanas.es\/blog\/wp-json\/wp\/v2\/comments?post=922"}],"version-history":[{"count":2,"href":"https:\/\/www.seguros-autocaravanas.es\/blog\/wp-json\/wp\/v2\/posts\/922\/revisions"}],"predecessor-version":[{"id":926,"href":"https:\/\/www.seguros-autocaravanas.es\/blog\/wp-json\/wp\/v2\/posts\/922\/revisions\/926"}],"wp:featuredmedia":[{"embeddable":true,"href":"https:\/\/www.seguros-autocaravanas.es\/blog\/wp-json\/wp\/v2\/media\/923"}],"wp:attachment":[{"href":"https:\/\/www.seguros-autocaravanas.es\/blog\/wp-json\/wp\/v2\/media?parent=922"}],"wp:term":[{"taxonomy":"category","embeddable":true,"href":"https:\/\/www.seguros-autocaravanas.es\/blog\/wp-json\/wp\/v2\/categories?post=922"},{"taxonomy":"post_tag","embeddable":true,"href":"https:\/\/www.seguros-autocaravanas.es\/blog\/wp-json\/wp\/v2\/tags?post=922"}],"curies":[{"name":"wp","href":"https:\/\/api.w.org\/{rel}","templated":true}]}}