{"id":936,"date":"2023-10-21T18:26:41","date_gmt":"2023-10-21T18:26:41","guid":{"rendered":"https:\/\/www.seguros-autocaravanas.es\/blog\/?p=936"},"modified":"2023-10-21T18:26:41","modified_gmt":"2023-10-21T18:26:41","slug":"papu-gomez-suspendido","status":"publish","type":"post","link":"https:\/\/www.seguros-autocaravanas.es\/blog\/papu-gomez-suspendido\/10\/2023\/","title":{"rendered":"Papu G\u00f3mez suspendido 2 a\u00f1os en el futbol por dopaje"},"content":{"rendered":"<p>El Papu G\u00f3mez fue suspendido luego de que se diera a conocer que <strong>sali\u00f3 positivo en un examen de doping. <\/strong>La suspensi\u00f3n fue por dos a\u00f1os y ha tomado por sorpresa al jugador argentino.<\/p>\n<p>Decir que esta noticia ha tomado por sorpresa al jugador que debut\u00f3 con la selecci\u00f3n Argentina y gan\u00f3 en el Mundial ante Francia, es algo medianamente relativo. Esto se debe a que medios de comunicaci\u00f3n dieron a conocer que el <strong>examen sorpresa de doping se realiz\u00f3 antes de tan esperado final del Mundial. <\/strong><\/p>\n<p>Y en esa misma temporada se dio a conocer al menos de forma privada para el jugador, el resultado positivo. Y ahora al menos 10 meses despu\u00e9s <strong>se ha hecho p\u00fablica la sanci\u00f3n<\/strong>, por lo que el jugador de la selecci\u00f3n argentina ha expresado su inconformidad negando de las acusaciones que hoy le pesan.<\/p>\n<p>&nbsp;<\/p>\n<table>\n<tbody>\n<tr>\n<td width=\"566\"><strong>Noticias en Tendencia: <\/strong><a href=\"https:\/\/noticias.seguros-generales.es\/2023\/08\/31\/seguro-obligatorio-de-perros\/\" target=\"_blank\" rel=\"noopener\"><strong>Seguro obligatorio para TODOS los perros a partir del 29 de Septiembre de 2023<\/strong><\/a><\/td>\n<\/tr>\n<\/tbody>\n<\/table>\n<div id=\"ez-toc-container\" class=\"ez-toc-v2_0_82_2 counter-hierarchy ez-toc-counter ez-toc-grey ez-toc-container-direction\">\n<div class=\"ez-toc-title-container\">\n<p class=\"ez-toc-title\" style=\"cursor:inherit\">Table of Contents<\/p>\n<span class=\"ez-toc-title-toggle\"><a href=\"#\" class=\"ez-toc-pull-right ez-toc-btn ez-toc-btn-xs ez-toc-btn-default ez-toc-toggle\" aria-label=\"Alternar tabla de contenidos\"><span class=\"ez-toc-js-icon-con\"><span class=\"\"><span class=\"eztoc-hide\" style=\"display:none;\">Toggle<\/span><span class=\"ez-toc-icon-toggle-span\"><svg style=\"fill: #999;color:#999\" xmlns=\"http:\/\/www.w3.org\/2000\/svg\" class=\"list-377408\" width=\"20px\" height=\"20px\" viewBox=\"0 0 24 24\" fill=\"none\"><path d=\"M6 6H4v2h2V6zm14 0H8v2h12V6zM4 11h2v2H4v-2zm16 0H8v2h12v-2zM4 16h2v2H4v-2zm16 0H8v2h12v-2z\" fill=\"currentColor\"><\/path><\/svg><svg style=\"fill: #999;color:#999\" class=\"arrow-unsorted-368013\" xmlns=\"http:\/\/www.w3.org\/2000\/svg\" width=\"10px\" height=\"10px\" viewBox=\"0 0 24 24\" version=\"1.2\" baseProfile=\"tiny\"><path d=\"M18.2 9.3l-6.2-6.3-6.2 6.3c-.2.2-.3.4-.3.7s.1.5.3.7c.2.2.4.3.7.3h11c.3 0 .5-.1.7-.3.2-.2.3-.5.3-.7s-.1-.5-.3-.7zM5.8 14.7l6.2 6.3 6.2-6.3c.2-.2.3-.5.3-.7s-.1-.5-.3-.7c-.2-.2-.4-.3-.7-.3h-11c-.3 0-.5.1-.7.3-.2.2-.3.5-.3.7s.1.5.3.7z\"\/><\/svg><\/span><\/span><\/span><\/a><\/span><\/div>\n<nav><ul class='ez-toc-list ez-toc-list-level-1 ' ><li class='ez-toc-page-1 ez-toc-heading-level-2'><a class=\"ez-toc-link ez-toc-heading-1\" href=\"https:\/\/www.seguros-autocaravanas.es\/blog\/papu-gomez-suspendido\/10\/2023\/#%C2%BFQue_se_sabe_de_la_suspension_al_Papu_Gomez\" >\u00bfQu\u00e9 se sabe de la suspensi\u00f3n al Papu G\u00f3mez?<\/a><ul class='ez-toc-list-level-3' ><li class='ez-toc-heading-level-3'><a class=\"ez-toc-link ez-toc-heading-2\" href=\"https:\/\/www.seguros-autocaravanas.es\/blog\/papu-gomez-suspendido\/10\/2023\/#%C2%BFJarabe_para_la_tos_o_algo_mas\" >\u00bfJarabe para la tos o algo m\u00e1s?<\/a><\/li><\/ul><\/li><li class='ez-toc-page-1 ez-toc-heading-level-2'><a class=\"ez-toc-link ez-toc-heading-3\" href=\"https:\/\/www.seguros-autocaravanas.es\/blog\/papu-gomez-suspendido\/10\/2023\/#%C2%BFArgentina_perdera_su_copa_mundial_por_resultados_del_Papu_Gomez\" >\u00bfArgentina perder\u00e1 su copa mundial por resultados del Papu G\u00f3mez?<\/a><\/li><li class='ez-toc-page-1 ez-toc-heading-level-2'><a class=\"ez-toc-link ez-toc-heading-4\" href=\"https:\/\/www.seguros-autocaravanas.es\/blog\/papu-gomez-suspendido\/10\/2023\/#Papu_Gomez_lamenta_que_se_enturbie_el_final_de_su_carrera\" >Papu G\u00f3mez lamenta que se enturbie el final de su carrera<\/a><\/li><li class='ez-toc-page-1 ez-toc-heading-level-2'><a class=\"ez-toc-link ez-toc-heading-5\" href=\"https:\/\/www.seguros-autocaravanas.es\/blog\/papu-gomez-suspendido\/10\/2023\/#Papu_Gomez_De_Argentina_a_Europa_la_Trayectoria_de_un_Crac_del_Futbol\" >Papu G\u00f3mez: De Argentina a Europa, la Trayectoria de un Crac del F\u00fatbol<\/a><ul class='ez-toc-list-level-3' ><li class='ez-toc-heading-level-3'><a class=\"ez-toc-link ez-toc-heading-6\" href=\"https:\/\/www.seguros-autocaravanas.es\/blog\/papu-gomez-suspendido\/10\/2023\/#Inicios_en_Argentina\" >Inicios en Argentina<\/a><\/li><li class='ez-toc-page-1 ez-toc-heading-level-3'><a class=\"ez-toc-link ez-toc-heading-7\" href=\"https:\/\/www.seguros-autocaravanas.es\/blog\/papu-gomez-suspendido\/10\/2023\/#Salto_a_Europa_y_Consolidacion_en_Italia\" >Salto a Europa y Consolidaci\u00f3n en Italia<\/a><\/li><li class='ez-toc-page-1 ez-toc-heading-level-3'><a class=\"ez-toc-link ez-toc-heading-8\" href=\"https:\/\/www.seguros-autocaravanas.es\/blog\/papu-gomez-suspendido\/10\/2023\/#Retorno_a_Espana_y_Continuidad_en_la_Elite\" >Retorno a Espa\u00f1a y Continuidad en la \u00c9lite<\/a><\/li><li class='ez-toc-page-1 ez-toc-heading-level-3'><a class=\"ez-toc-link ez-toc-heading-9\" href=\"https:\/\/www.seguros-autocaravanas.es\/blog\/papu-gomez-suspendido\/10\/2023\/#Legado_Internacional_con_Argentina\" >Legado Internacional con Argentina<\/a><\/li><\/ul><\/li><li class='ez-toc-page-1 ez-toc-heading-level-2'><a class=\"ez-toc-link ez-toc-heading-10\" href=\"https:\/\/www.seguros-autocaravanas.es\/blog\/papu-gomez-suspendido\/10\/2023\/#Conclusion_%C2%BFComo_es_la_trayectoria_de_este_jugador\" >Conclusi\u00f3n, \u00bfC\u00f3mo es la trayectoria de este jugador?<\/a><\/li><\/ul><\/nav><\/div>\n<h2><span class=\"ez-toc-section\" id=\"%C2%BFQue_se_sabe_de_la_suspension_al_Papu_Gomez\"><\/span><strong>\u00bfQu\u00e9 se sabe de la suspensi\u00f3n al Papu G\u00f3mez?<\/strong><span class=\"ez-toc-section-end\"><\/span><\/h2>\n<p>Aunque es probable que en los pr\u00f3ximos d\u00edas se compartan m\u00e1s detalles acerca de esta noticia, hoy por hoy el jugador garantiza que el resultado del doping se debe a que ingiri\u00f3 un fuerte jarabe para la tos que era de su hijo.<\/p>\n<p>Y aunque el Papu G\u00f3mez ha intentado defenderse y sobre todo mejorar su afectada reputaci\u00f3n por esta situaci\u00f3n, <strong>tal parece que la decisi\u00f3n de su suspensi\u00f3n ya est\u00e1 tomada.<\/strong> Todo parece apuntar a que ser\u00e1n dos a\u00f1os bastante largos para el jugador de la selecci\u00f3n argentina qui\u00e9n no podr\u00e1 participar en las actividades venideras de tan famoso deporte.<\/p>\n<h3><span class=\"ez-toc-section\" id=\"%C2%BFJarabe_para_la_tos_o_algo_mas\"><\/span><strong>\u00bfJarabe para la tos o algo m\u00e1s?<\/strong><span class=\"ez-toc-section-end\"><\/span><\/h3>\n<p>Algunos se preguntan, \u00bfPuede un jarabe para la tos crear tal efecto? Seg\u00fan la informaci\u00f3n compartida por el jugador argentino, una noche fue afectado por un fuerte ataque de tos.<\/p>\n<p>Y seg\u00fan la informaci\u00f3n compartida por el jugador, con la \u00fanica intenci\u00f3n de calmar su molesto s\u00edntoma tom\u00f3 un jarabe para la tos de su hijo. Ha dado a conocer que <strong>este f\u00e1rmaco conten\u00eda terbutalina<\/strong>, un componente fuerte que forma parte de la lista de drogas no admitidas en los ex\u00e1menes de doping.<\/p>\n<table>\n<tbody>\n<tr>\n<td width=\"566\"><strong>Post en tendencia: <a href=\"https:\/\/www.seguros-autocaravanas.es\/blog\/manifestacion-amnistia\/09\/2023\/\">Manifestaci\u00f3n amnist\u00eda aumenta la presi\u00f3n en Madrid<\/a><\/strong><\/td>\n<\/tr>\n<\/tbody>\n<\/table>\n<h2><span class=\"ez-toc-section\" id=\"%C2%BFArgentina_perdera_su_copa_mundial_por_resultados_del_Papu_Gomez\"><\/span><strong>\u00bfArgentina perder\u00e1 su copa mundial por resultados del Papu G\u00f3mez?<\/strong><span class=\"ez-toc-section-end\"><\/span><\/h2>\n<p>Tras conocerse acerca de la sanci\u00f3n del Papu G\u00f3mez algunas personas temieron que esto pudiera afectar a la merecida <strong>Copa del Mundial de Argentina. <\/strong><\/p>\n<p>Si bien es cierto que la organizaci\u00f3n de este evento si tiene algunas consideraciones ante los ex\u00e1menes de doping, el resultado de este jugador no es suficiente como para retirar el premio a la selecci\u00f3n.<\/p>\n<p>De manera oficial, la organizaci\u00f3n de f\u00fatbol indica que un pa\u00eds puede perder su t\u00edtulo Mundial en el caso de que <strong>dos o m\u00e1s jugadores den positivo en el examen de antidoping.<\/strong> Y hasta el momento la situaci\u00f3n no es suficiente como para que todo el equipo se vea en dicho aprieto.<\/p>\n<table style=\"width: 99.4696%; height: 80px;\">\n<tbody>\n<tr>\n<td width=\"566\">\n<p style=\"text-align: center;\">Usa el <strong><a href=\"https:\/\/www.seguros-generales.es\/seguros-autocaravanas.html\" target=\"_blank\" rel=\"noopener\">comparador de seguros de autocaravanas<\/a><\/strong> y consigue la mejor opci\u00f3n para la protecci\u00f3n de tu animal dom\u00e9stico.<\/p>\n<\/td>\n<\/tr>\n<\/tbody>\n<\/table>\n<h2><span class=\"ez-toc-section\" id=\"Papu_Gomez_lamenta_que_se_enturbie_el_final_de_su_carrera\"><\/span><strong>Papu G\u00f3mez lamenta que se enturbie el final de su carrera<\/strong><span class=\"ez-toc-section-end\"><\/span><\/h2>\n<p>El Papu G\u00f3mez tiene 35 a\u00f1os y est\u00e1 viviendo lo \u00faltimo de su carrera, ha expresado que teme que el final se enturbie con algo tan complicado. Asimismo, <strong>dio a conocer que luchar\u00e1 por demostrar la realidad de los hechos<\/strong> seg\u00fan su versi\u00f3n, que apunta a la ingesta del jarabe para la tos.<\/p>\n<h2><span class=\"ez-toc-section\" id=\"Papu_Gomez_De_Argentina_a_Europa_la_Trayectoria_de_un_Crac_del_Futbol\"><\/span><strong>Papu G\u00f3mez: De Argentina a Europa, la Trayectoria de un Crac del F\u00fatbol<\/strong><span class=\"ez-toc-section-end\"><\/span><\/h2>\n<p>A lo largo de los a\u00f1os, el f\u00fatbol ha sido testigo de la emergencia de talentos que han dejado una huella imborrable en el coraz\u00f3n de los aficionados. Uno de estos talentos es el jugador argentino Alejandro \u00abPapu\u00bb G\u00f3mez, cuya carrera ha sido tan din\u00e1mica y emocionante como su estilo de juego en el campo.<\/p>\n<h3><span class=\"ez-toc-section\" id=\"Inicios_en_Argentina\"><\/span><strong>Inicios en Argentina<\/strong><span class=\"ez-toc-section-end\"><\/span><\/h3>\n<p>Alejandro Dar\u00edo G\u00f3mez, <strong>conocido popularmente como \u00abPapu\u00bb<\/strong>, naci\u00f3 el 15 de febrero de 1988 en Buenos Aires, Argentina. Desde joven, su pasi\u00f3n por el bal\u00f3n era evidente.<\/p>\n<p>Se form\u00f3 en las canteras del club Arsenal de Sarand\u00ed, donde pronto se destac\u00f3 y debut\u00f3 en el primer equipo en 2005. Con este equipo, Papu logr\u00f3 ganar la Copa Sudamericana en 2007, su primer t\u00edtulo profesional.<\/p>\n<h3><span class=\"ez-toc-section\" id=\"Salto_a_Europa_y_Consolidacion_en_Italia\"><\/span><strong>Salto a Europa y Consolidaci\u00f3n en Italia<\/strong><span class=\"ez-toc-section-end\"><\/span><\/h3>\n<p>Tras destacar en Argentina, en 2009, G\u00f3mez dio el salto a Europa al fichar por el Catania de Italia. En el equipo siciliano, el argentino demostr\u00f3 su calidad y versatilidad, convirti\u00e9ndose en uno de los jugadores m\u00e1s determinantes de la Serie A.<\/p>\n<p>Su habilidad para regatear, su visi\u00f3n de juego y su capacidad goleadora llamaron la atenci\u00f3n de muchos clubes europeos.<\/p>\n<p>Sin embargo, fue su paso por Atalanta, al que lleg\u00f3 en 2014, donde Papu G\u00f3mez se erigi\u00f3 como un aut\u00e9ntico \u00edcono. Bajo su liderazgo, Atalanta pas\u00f3 de ser un equipo de mitad de tabla a uno de los principales contendientes en la Serie A y una <strong>revelaci\u00f3n en la Liga de Campeones de la UEFA. <\/strong><\/p>\n<p>G\u00f3mez, con su caracter\u00edstico baile despu\u00e9s de cada gol, se convirti\u00f3 en el alma y coraz\u00f3n del equipo de B\u00e9rgamo. Durante su estancia en Atalanta, Papu se consolid\u00f3 como uno de los jugadores m\u00e1s destacados de la liga italiana y se gan\u00f3 el cari\u00f1o y respeto de los aficionados.<\/p>\n<h3><span class=\"ez-toc-section\" id=\"Retorno_a_Espana_y_Continuidad_en_la_Elite\"><\/span><strong>Retorno a Espa\u00f1a y Continuidad en la \u00c9lite<\/strong><span class=\"ez-toc-section-end\"><\/span><\/h3>\n<p>A finales de 2020, despu\u00e9s de una serie de desacuerdos en Atalanta, Papu G\u00f3mez se traslad\u00f3 a Espa\u00f1a para unirse a las filas del Sevilla FC, uno de los clubes m\u00e1s prestigiosos de LaLiga. En Sevilla, <strong>continu\u00f3 mostrando su calidad y adaptabilidad<\/strong>, contribuyendo al juego ofensivo del equipo y siendo un pilar en la t\u00e1ctica del entrenador.<\/p>\n<p><a href=\"https:\/\/www.seguros-generales.es\/seguros-autocaravanas.html\" target=\"_blank\" rel=\"noopener\"><img loading=\"lazy\" decoding=\"async\" class=\"aligncenter wp-image-938 size-full\" title=\"comparador de seguros generales\" src=\"https:\/\/www.seguros-autocaravanas.es\/blog\/wp-content\/uploads\/2023\/10\/seguro-bannet.jpg\" alt=\"Qu\u00e9 pas\u00f3 con el papu g\u00f3mez\" width=\"1222\" height=\"600\" srcset=\"https:\/\/www.seguros-autocaravanas.es\/blog\/wp-content\/uploads\/2023\/10\/seguro-bannet.jpg 1222w, https:\/\/www.seguros-autocaravanas.es\/blog\/wp-content\/uploads\/2023\/10\/seguro-bannet-980x481.jpg 980w, https:\/\/www.seguros-autocaravanas.es\/blog\/wp-content\/uploads\/2023\/10\/seguro-bannet-480x236.jpg 480w\" sizes=\"(min-width: 0px) and (max-width: 480px) 480px, (min-width: 481px) and (max-width: 980px) 980px, (min-width: 981px) 1222px, 100vw\" \/><\/a><\/p>\n<h3><span class=\"ez-toc-section\" id=\"Legado_Internacional_con_Argentina\"><\/span><strong>Legado Internacional con Argentina<\/strong><span class=\"ez-toc-section-end\"><\/span><\/h3>\n<p>A nivel internacional, Papu G\u00f3mez ha sido parte de la selecci\u00f3n argentina en diversas ocasiones. Si bien su presencia no ha sido constante, ha tenido momentos de brillo vistiendo la camiseta albiceleste.<\/p>\n<p>Uno de los momentos m\u00e1s destacados de su carrera internacional fue ser parte del equipo que gan\u00f3 la Copa Am\u00e9rica 2021, un t\u00edtulo que Argentina anhelaba desde hac\u00eda casi 30 a\u00f1os.<\/p>\n<h2><span class=\"ez-toc-section\" id=\"Conclusion_%C2%BFComo_es_la_trayectoria_de_este_jugador\"><\/span><strong>Conclusi\u00f3n, \u00bfC\u00f3mo es la trayectoria de este jugador?<\/strong><span class=\"ez-toc-section-end\"><\/span><\/h2>\n<p>La trayectoria de Papu G\u00f3mez es una historia de pasi\u00f3n, dedicaci\u00f3n y talento. Desde sus humildes comienzos en Argentina hasta sus haza\u00f1as en las ligas m\u00e1s competitivas de Europa, ha demostrado ser un jugador de clase mundial.<\/p>\n<p>Con su carisma y habilidad dentro y fuera del campo, Papu ha dejado una huella indiscutible en el f\u00fatbol mundial y contin\u00faa siendo una inspiraci\u00f3n para muchos j\u00f3venes futbolistas que sue\u00f1an con seguir sus pasos.<\/p>\n","protected":false},"excerpt":{"rendered":"<p>El Papu G\u00f3mez fue suspendido luego de que se diera a conocer que sali\u00f3 positivo en un examen de doping. La suspensi\u00f3n fue por dos a\u00f1os y ha tomado por sorpresa al jugador argentino. Decir que esta noticia ha tomado por sorpresa al jugador que debut\u00f3 con la selecci\u00f3n Argentina y gan\u00f3 en el Mundial [&hellip;]<\/p>\n","protected":false},"author":4,"featured_media":937,"comment_status":"open","ping_status":"open","sticky":false,"template":"","format":"standard","meta":{"_et_pb_use_builder":"","_et_pb_old_content":"","_et_gb_content_width":"","footnotes":""},"categories":[208],"tags":[770,768,766,767,769],"class_list":["post-936","post","type-post","status-publish","format-standard","has-post-thumbnail","hentry","category-noticias","tag-cuantos-anos-tiene-el-papu-gomez","tag-papu-gomez-suspendido","tag-papu-gomez-suspendido-2-anos-en-el-futbol-por-dopaje","tag-que-paso-con-el-papu-gomez","tag-suspenden-al-papu-gomez"],"_links":{"self":[{"href":"https:\/\/www.seguros-autocaravanas.es\/blog\/wp-json\/wp\/v2\/posts\/936","targetHints":{"allow":["GET"]}}],"collection":[{"href":"https:\/\/www.seguros-autocaravanas.es\/blog\/wp-json\/wp\/v2\/posts"}],"about":[{"href":"https:\/\/www.seguros-autocaravanas.es\/blog\/wp-json\/wp\/v2\/types\/post"}],"author":[{"embeddable":true,"href":"https:\/\/www.seguros-autocaravanas.es\/blog\/wp-json\/wp\/v2\/users\/4"}],"replies":[{"embeddable":true,"href":"https:\/\/www.seguros-autocaravanas.es\/blog\/wp-json\/wp\/v2\/comments?post=936"}],"version-history":[{"count":1,"href":"https:\/\/www.seguros-autocaravanas.es\/blog\/wp-json\/wp\/v2\/posts\/936\/revisions"}],"predecessor-version":[{"id":939,"href":"https:\/\/www.seguros-autocaravanas.es\/blog\/wp-json\/wp\/v2\/posts\/936\/revisions\/939"}],"wp:featuredmedia":[{"embeddable":true,"href":"https:\/\/www.seguros-autocaravanas.es\/blog\/wp-json\/wp\/v2\/media\/937"}],"wp:attachment":[{"href":"https:\/\/www.seguros-autocaravanas.es\/blog\/wp-json\/wp\/v2\/media?parent=936"}],"wp:term":[{"taxonomy":"category","embeddable":true,"href":"https:\/\/www.seguros-autocaravanas.es\/blog\/wp-json\/wp\/v2\/categories?post=936"},{"taxonomy":"post_tag","embeddable":true,"href":"https:\/\/www.seguros-autocaravanas.es\/blog\/wp-json\/wp\/v2\/tags?post=936"}],"curies":[{"name":"wp","href":"https:\/\/api.w.org\/{rel}","templated":true}]}}