{"id":971,"date":"2024-01-11T20:56:01","date_gmt":"2024-01-11T20:56:01","guid":{"rendered":"https:\/\/www.seguros-autocaravanas.es\/blog\/?p=971"},"modified":"2024-01-11T20:56:01","modified_gmt":"2024-01-11T20:56:01","slug":"daniel-noboa-presidente","status":"publish","type":"post","link":"https:\/\/www.seguros-autocaravanas.es\/blog\/daniel-noboa-presidente\/01\/2024\/","title":{"rendered":"Daniel Noboa: El presidente de Ecuador y su peculiar manejo de crisis"},"content":{"rendered":"<p><b>\u00bfQu\u00e9 est\u00e1 pasando en Ecuador? \u00bfQui\u00e9n es Daniel Noboa?<\/b><span style=\"font-weight: 400;\"> \u00bfQu\u00e9 significa Estado de Excepci\u00f3n? El inicio del 2024 no est\u00e1 siendo precisamente sencillo para Ecuador ni para el presidente quien recientemente dictamin\u00f3 un Estado de Excepci\u00f3n para dicho pa\u00eds.\u00a0<\/span><\/p>\n<p><span style=\"font-weight: 400;\">En las \u00faltimas horas se ha dado a conocer que Ecuador est\u00e1 viviendo uno de sus momentos m\u00e1s \u00e1lgidos, esto a causa de los atentados generados por el crimen organizado en el pa\u00eds, en donde una de las bandas m\u00e1s peligrosas ha instaurado el miedo.\u00a0\u00a0<\/span><\/p>\n<p><b>Varios motines carcelarios tuvieron lugar en dicho pa\u00eds<\/b><span style=\"font-weight: 400;\">, y la fuga de uno de los l\u00edderes carcelarios m\u00e1s peligrosos de todo r\u00e1pidamente gener\u00f3 un estado de alerta.\u00a0<\/span><\/p>\n<p><span style=\"font-weight: 400;\">Una <\/span><b>ola de violencia casi incontrolable <\/b><span style=\"font-weight: 400;\">se ha manejado en Ecuador, incluso con el secuestro de varios polic\u00edas y el sometimiento de civiles que lleg\u00f3 hasta la televisi\u00f3n en vivo.\u00a0<\/span><\/p>\n<p><span style=\"font-weight: 400;\">Sin duda, es un mensaje potente de desaf\u00edo, toma de poder y violencia el que los grupos armados han expresado en el latinoamericano pa\u00eds. \u00bfQu\u00e9 medidas ha tomado el presidente Daniel Noboa? \u00a1Conoce los detalles!<\/span><\/p>\n<table>\n<tbody>\n<tr>\n<td><b>Post destacado: <\/b><a title=\"Papu G\u00f3mez suspendido 2 a\u00f1os\" href=\"https:\/\/www.seguros-autocaravanas.es\/blog\/papu-gomez-suspendido\/10\/2023\/\" target=\"_blank\" rel=\"noopener\"><b>Papu G\u00f3mez suspendido 2 a\u00f1os en el f\u00fatbol por dopaje<\/b><\/a><\/td>\n<\/tr>\n<\/tbody>\n<\/table>\n<h2><\/h2>\n<div id=\"ez-toc-container\" class=\"ez-toc-v2_0_82_2 counter-hierarchy ez-toc-counter ez-toc-grey ez-toc-container-direction\">\n<div class=\"ez-toc-title-container\">\n<p class=\"ez-toc-title\" style=\"cursor:inherit\">Table of Contents<\/p>\n<span class=\"ez-toc-title-toggle\"><a href=\"#\" class=\"ez-toc-pull-right ez-toc-btn ez-toc-btn-xs ez-toc-btn-default ez-toc-toggle\" aria-label=\"Alternar tabla de contenidos\"><span class=\"ez-toc-js-icon-con\"><span class=\"\"><span class=\"eztoc-hide\" style=\"display:none;\">Toggle<\/span><span class=\"ez-toc-icon-toggle-span\"><svg style=\"fill: #999;color:#999\" xmlns=\"http:\/\/www.w3.org\/2000\/svg\" class=\"list-377408\" width=\"20px\" height=\"20px\" viewBox=\"0 0 24 24\" fill=\"none\"><path d=\"M6 6H4v2h2V6zm14 0H8v2h12V6zM4 11h2v2H4v-2zm16 0H8v2h12v-2zM4 16h2v2H4v-2zm16 0H8v2h12v-2z\" fill=\"currentColor\"><\/path><\/svg><svg style=\"fill: #999;color:#999\" class=\"arrow-unsorted-368013\" xmlns=\"http:\/\/www.w3.org\/2000\/svg\" width=\"10px\" height=\"10px\" viewBox=\"0 0 24 24\" version=\"1.2\" baseProfile=\"tiny\"><path d=\"M18.2 9.3l-6.2-6.3-6.2 6.3c-.2.2-.3.4-.3.7s.1.5.3.7c.2.2.4.3.7.3h11c.3 0 .5-.1.7-.3.2-.2.3-.5.3-.7s-.1-.5-.3-.7zM5.8 14.7l6.2 6.3 6.2-6.3c.2-.2.3-.5.3-.7s-.1-.5-.3-.7c-.2-.2-.4-.3-.7-.3h-11c-.3 0-.5.1-.7.3-.2.2-.3.5-.3.7s.1.5.3.7z\"\/><\/svg><\/span><\/span><\/span><\/a><\/span><\/div>\n<nav><ul class='ez-toc-list ez-toc-list-level-1 ' ><li class='ez-toc-page-1 ez-toc-heading-level-2'><a class=\"ez-toc-link ez-toc-heading-1\" href=\"https:\/\/www.seguros-autocaravanas.es\/blog\/daniel-noboa-presidente\/01\/2024\/#%C2%BFQuien_es_Daniel_Noboa\" >\u00bfQui\u00e9n es Daniel Noboa?\u00a0<\/a><ul class='ez-toc-list-level-3' ><li class='ez-toc-heading-level-3'><a class=\"ez-toc-link ez-toc-heading-2\" href=\"https:\/\/www.seguros-autocaravanas.es\/blog\/daniel-noboa-presidente\/01\/2024\/#%C2%BFQue_esta_pasando_en_Ecuador\" >\u00bfQu\u00e9 est\u00e1 pasando en Ecuador?\u00a0<\/a><\/li><\/ul><\/li><\/ul><\/nav><\/div>\n<h2><span class=\"ez-toc-section\" id=\"%C2%BFQuien_es_Daniel_Noboa\"><\/span><span style=\"color: #ff6600;\"><b>\u00bfQui\u00e9n es Daniel Noboa?\u00a0<\/b><\/span><span class=\"ez-toc-section-end\"><\/span><\/h2>\n<p><b>Daniel Noboa es el actual presidente de Ecuador<\/b><span style=\"font-weight: 400;\">, se ha proclamado como un l\u00edder pol\u00edtico de derecha. Y es el hijo de \u00c1lvaro Noboa, un empresario sumamente rico que ha mantenido una trayectoria de \u00e9xitos ambiciosa en ese pa\u00eds.\u00a0<\/span><\/p>\n<p><span style=\"font-weight: 400;\">Aunque actualmente en Ecuador se ha vivido una potente ola de violencia y crimen organizado, incluso acaparando m\u00faltiples titulares a nivel internacional. La realidad es que los conflictos de este tipo en dicho pa\u00eds llevan varios meses e incluso a\u00f1os, ocurriendo.<\/span><\/p>\n<p><span style=\"font-weight: 400;\">Por ejemplo, Daniel Noboa es el actual presidente electo quien <\/span><b>sustituy\u00f3 en funciones al expresidente Fernando Villavicencio<\/b><span style=\"font-weight: 400;\"> luego del magnicidio de este a manos de l\u00edderes del narcotr\u00e1fico.\u00a0<\/span><\/p>\n<p><span style=\"font-weight: 400;\">Daniel Noboa es el presidente m\u00e1s joven que ha tenido Ecuador hasta la fecha,<\/span><b> con solo 36 a\u00f1os sali\u00f3 victorioso en las \u00faltimas elecciones. <\/b><span style=\"font-weight: 400;\">Y se ha mantenido al frente en el manejo de la crisis tan aguda que vive Ecuador en este momento.\u00a0<\/span><\/p>\n<p><span style=\"font-weight: 400;\">Naboa ha tenido un paso fuerte en la pol\u00edtica, proviene de una familia poderosa e influyente pero adem\u00e1s de eso, fue diputado durante el a\u00f1o 2021 y ha hecho una carrera en este medio.\u00a0<\/span><\/p>\n<p><span style=\"font-weight: 400;\">Puede que este sea el momento m\u00e1s complicado de su trayectoria como presidente de Ecuador, pues recientemente instaur\u00f3 el Estado de Excepci\u00f3n a causa del conflicto interno que vive este pa\u00eds.<\/span><\/p>\n<table>\n<tbody>\n<tr>\n<td><b>Post destacado: <\/b><a title=\"Ola de Fr\u00edo Polar\" href=\"https:\/\/www.eseguros.net\/noticias\/ola-de-frio-polar\/\" target=\"_blank\" rel=\"noopener\"><b>Estas son las 5 zonas afectadas por la Ola de Fr\u00edo Polar<\/b><\/a><\/td>\n<\/tr>\n<\/tbody>\n<\/table>\n<h3><\/h3>\n<h3><span class=\"ez-toc-section\" id=\"%C2%BFQue_esta_pasando_en_Ecuador\"><\/span><span style=\"color: #ff6600;\"><b>\u00bfQu\u00e9 est\u00e1 pasando en Ecuador?\u00a0<\/b><\/span><span class=\"ez-toc-section-end\"><\/span><\/h3>\n<p><span style=\"font-weight: 400;\">M\u00faltiples acontecimientos violentos han ocurrido en Ecuador, incluso en Guayaquil hubo un atentado en un canal de televisi\u00f3n. En plena transmisi\u00f3n en vivo un grupo armado ingres\u00f3 a las instalaciones y someti\u00f3 a los presentes.\u00a0<\/span><\/p>\n<p><span style=\"font-weight: 400;\">La situaci\u00f3n fue del todo desesperante y los <\/span><b>criminales exig\u00edan que los efectivos de seguridad como la polic\u00eda, abandonaran el lugar<\/b><span style=\"font-weight: 400;\">. Asimismo, esto di\u00f3 paso a un secuestro que qued\u00f3 pr\u00e1cticamente transmitido en vivo.\u00a0<\/span><\/p>\n<p><span style=\"font-weight: 400;\">Por su parte, Daniel Noboa el presidente de Ecuador declar\u00f3 un conflicto interno y recientemente categoriz\u00f3 el problema como un Estado de Excepci\u00f3n.\u00a0<\/span><\/p>\n<p><span style=\"font-weight: 400;\">Tambi\u00e9n orden\u00f3 la alianza entre la polic\u00eda y la guardia armada para neutralizar a las bandas criminales que se han empe\u00f1ado en tomar el poder en las calles y diversos espacios del pa\u00eds. El <\/span><b>l\u00edder de una de las bandas criminales m\u00e1s peligrosas de LATAM <\/b><span style=\"font-weight: 400;\">se fug\u00f3 de prisi\u00f3n y se cree que est\u00e1 comandando las operaciones criminales.<\/span><\/p>\n<table style=\"width: 98.0237%; height: 56px;\">\n<tbody>\n<tr>\n<td>\n<p style=\"text-align: center;\"><span style=\"font-weight: 400;\">Usa el nuevo <\/span><a title=\"comparador de seguros de autocaravanas\" href=\"https:\/\/www.seguros-generales.es\/seguros-autocaravanas.html\" target=\"_blank\" rel=\"noopener\"><b>comparador de seguros de autocaravanas<\/b><\/a> <span style=\"font-weight: 400;\">\u00a1Es Gratis y R\u00e1pido!<\/span><\/p>\n<\/td>\n<\/tr>\n<\/tbody>\n<\/table>\n<p><span style=\"font-weight: 400;\">\u201cEstamos en un Estado de Guerra\u201d fue parte del discurso de Daniel Noboa, todo parece indicar que Ecuador est\u00e1 viviendo un aut\u00e9ntico episodio de crisis y desorden p\u00fablico.\u00a0<\/span><\/p>\n","protected":false},"excerpt":{"rendered":"<p>\u00bfQu\u00e9 est\u00e1 pasando en Ecuador? \u00bfQui\u00e9n es Daniel Noboa? \u00bfQu\u00e9 significa Estado de Excepci\u00f3n? El inicio del 2024 no est\u00e1 siendo precisamente sencillo para Ecuador ni para el presidente quien recientemente dictamin\u00f3 un Estado de Excepci\u00f3n para dicho pa\u00eds.\u00a0 En las \u00faltimas horas se ha dado a conocer que Ecuador est\u00e1 viviendo uno de sus [&hellip;]<\/p>\n","protected":false},"author":4,"featured_media":972,"comment_status":"open","ping_status":"open","sticky":false,"template":"","format":"standard","meta":{"_et_pb_use_builder":"","_et_pb_old_content":"","_et_gb_content_width":"","footnotes":""},"categories":[208],"tags":[774,775,776],"class_list":["post-971","post","type-post","status-publish","format-standard","has-post-thumbnail","hentry","category-noticias","tag-daniel-noboa","tag-daniel-noboa-estado-de-excepcion","tag-que-esta-pasando-en-ecuador"],"_links":{"self":[{"href":"https:\/\/www.seguros-autocaravanas.es\/blog\/wp-json\/wp\/v2\/posts\/971","targetHints":{"allow":["GET"]}}],"collection":[{"href":"https:\/\/www.seguros-autocaravanas.es\/blog\/wp-json\/wp\/v2\/posts"}],"about":[{"href":"https:\/\/www.seguros-autocaravanas.es\/blog\/wp-json\/wp\/v2\/types\/post"}],"author":[{"embeddable":true,"href":"https:\/\/www.seguros-autocaravanas.es\/blog\/wp-json\/wp\/v2\/users\/4"}],"replies":[{"embeddable":true,"href":"https:\/\/www.seguros-autocaravanas.es\/blog\/wp-json\/wp\/v2\/comments?post=971"}],"version-history":[{"count":1,"href":"https:\/\/www.seguros-autocaravanas.es\/blog\/wp-json\/wp\/v2\/posts\/971\/revisions"}],"predecessor-version":[{"id":973,"href":"https:\/\/www.seguros-autocaravanas.es\/blog\/wp-json\/wp\/v2\/posts\/971\/revisions\/973"}],"wp:featuredmedia":[{"embeddable":true,"href":"https:\/\/www.seguros-autocaravanas.es\/blog\/wp-json\/wp\/v2\/media\/972"}],"wp:attachment":[{"href":"https:\/\/www.seguros-autocaravanas.es\/blog\/wp-json\/wp\/v2\/media?parent=971"}],"wp:term":[{"taxonomy":"category","embeddable":true,"href":"https:\/\/www.seguros-autocaravanas.es\/blog\/wp-json\/wp\/v2\/categories?post=971"},{"taxonomy":"post_tag","embeddable":true,"href":"https:\/\/www.seguros-autocaravanas.es\/blog\/wp-json\/wp\/v2\/tags?post=971"}],"curies":[{"name":"wp","href":"https:\/\/api.w.org\/{rel}","templated":true}]}}